{"id":987,"date":"2024-02-29T11:53:37","date_gmt":"2024-02-29T10:53:37","guid":{"rendered":"https:\/\/sejlforeningen-carla.dk\/?p=987"},"modified":"2024-02-29T11:53:37","modified_gmt":"2024-02-29T10:53:37","slug":"janus","status":"publish","type":"post","link":"https:\/\/sejlforeningen-carla.dk\/?p=987","title":{"rendered":"janus"},"content":{"rendered":"<p><a href=\"https:\/\/sejlforeningen-carla.dk\/wp-content\/uploads\/2024\/02\/Janus.bmp\"><img loading=\"lazy\" decoding=\"async\" class=\"size-full wp-image-988 alignleft\" src=\"https:\/\/sejlforeningen-carla.dk\/wp-content\/uploads\/2024\/02\/Janus.bmp\" alt=\"\" width=\"355\" height=\"286\" \/><\/a><strong>J<\/strong>anus Bendix er 75 \u00e5r og med p\u00e5 tirsdagsholdet.<br \/>\nHan er fra K\u00f8benhavn, uddannet fra Sk\u00e5rup Seminarium og har v\u00e6ret med kun et par \u00e5r. Min kone Hys blev i sin tid headhuntet til bestyrelsen, fort\u00e6ller han. Og s\u00e5 for to \u00e5r siden var man ved at finde ud af hvem der kunne sejle med Fyn Rundt, og det var der problemer med, fordi bes\u00e6tningen s\u00e5 sj\u00e6ldent kunne.<br \/>\nS\u00e5 siger min kone ved du hvad, du melder dig ind i Carla, og s\u00e5 er du med p\u00e5 holdet. Jeg har sejlet i 40 \u00e5r, s\u00e5 det var jo n\u00e6rliggende.<\/p>\n<p><strong>J<\/strong>eg tager mig af n\u00e6rmest alt forefaldende p\u00e5 Carla, men mest af slibning, maling, og s\u00e5 lidt tovv\u00e6rksarbejde. S\u00f8ren er jo god til det hele, men en gang imellem er der nogen fort\u00f8jninger og sm\u00e5ting at tage sig af. Jeg kan splejse, og jeg kan de d\u00e9r ting. Men det er S\u00f8ren der er super til det hele.<\/p>\n<p><strong>S<\/strong>\u00e5 jeg har ikke nogen specialer som der er brug for nede p\u00e5 Carla. Der er jo maskinfolk der er rigtig kloge p\u00e5 d\u00e9t, og s\u00e5 er der snedkere til tr\u00e6arbejdet, s\u00e5 jeg g\u00e5r ikke og finder p\u00e5 ret meget selv.<\/p>\n<p><strong>M<\/strong>en jeg var med p\u00e5 Fyn Rundt i \u00b423, og s\u00e5 sagde jeg at jeg gerne ville v\u00e6re hovmester, s\u00e5 jeg s\u00f8rgede for \u2013 ikke alene, men jeg s\u00f8rgede for at der var det vi skulle bruge, kaffe og m\u00e6lk &#8211; og \u00f8l. Jeg var ogs\u00e5 med \u00e5ret f\u00f8r, og da var det lidt tilf\u00e6ldigt, men vi fik da noget at spise, ikke noget problem.<br \/>\nMen jeg sagde jeg skal nok v\u00e6re den der er tovholder p\u00e5 det, og s\u00e5 snakkede vi om hvad vi manglede og hvem der alligevel skulle i byen. S\u00e5 jeg stod ikke i opvasken, det deltes vi om og tog selvf\u00f8lgelig vores eget.<\/p>\n<p><strong>P<\/strong>\u00e5 sundturene er jeg den der s\u00f8rger for at der er hvad der skal v\u00e6re. S\u00e5 kan de sp\u00f8rge mig, hvis de skal i byen. og kan de s\u00e5 ikke lige tage to colaer eller hvad det nu er med.<\/p>\n<p>&nbsp;<\/p>\n<p>&nbsp;<\/p>\n","protected":false},"excerpt":{"rendered":"<p>Janus Bendix er 75 \u00e5r og med p\u00e5 tirsdagsholdet. Han er fra K\u00f8benhavn, uddannet fra Sk\u00e5rup Seminarium og har v\u00e6ret med kun et par \u00e5r. Min kone Hys blev i sin tid headhuntet til bestyrelsen, fort\u00e6ller han. Og s\u00e5 for to \u00e5r siden var man ved at finde ud af hvem der kunne sejle med [&hellip;]<\/p>\n","protected":false},"author":2,"featured_media":988,"comment_status":"closed","ping_status":"closed","sticky":false,"template":"","format":"standard","meta":{"_et_pb_use_builder":"","_et_pb_old_content":"","_et_gb_content_width":"","footnotes":""},"categories":[5],"tags":[],"class_list":["post-987","post","type-post","status-publish","format-standard","has-post-thumbnail","hentry","category-tirsdagsholdet"],"yoast_head":"<!-- This site is optimized with the Yoast SEO plugin v27.2 - https:\/\/yoast.com\/product\/yoast-seo-wordpress\/ -->\n<title>janus - Sejlforeningen Carla<\/title>\n<meta name=\"robots\" content=\"index, follow, max-snippet:-1, max-image-preview:large, max-video-preview:-1\" \/>\n<link rel=\"canonical\" href=\"https:\/\/sejlforeningen-carla.dk\/?p=987\" \/>\n<meta property=\"og:locale\" content=\"da_DK\" \/>\n<meta property=\"og:type\" content=\"article\" \/>\n<meta property=\"og:title\" content=\"janus - Sejlforeningen Carla\" \/>\n<meta property=\"og:description\" content=\"Janus Bendix er 75 \u00e5r og med p\u00e5 tirsdagsholdet. Han er fra K\u00f8benhavn, uddannet fra Sk\u00e5rup Seminarium og har v\u00e6ret med kun et par \u00e5r. Min kone Hys blev i sin tid headhuntet til bestyrelsen, fort\u00e6ller han. Og s\u00e5 for to \u00e5r siden var man ved at finde ud af hvem der kunne sejle med [&hellip;]\" \/>\n<meta property=\"og:url\" content=\"https:\/\/sejlforeningen-carla.dk\/?p=987\" \/>\n<meta property=\"og:site_name\" content=\"Sejlforeningen Carla\" \/>\n<meta property=\"article:publisher\" content=\"https:\/\/www.facebook.com\/people\/Sejlforeningen-Carla\/100064108479533\/\" \/>\n<meta property=\"article:published_time\" content=\"2024-02-29T10:53:37+00:00\" \/>\n<meta name=\"author\" content=\"Carla\" \/>\n<meta name=\"twitter:card\" content=\"summary_large_image\" \/>\n<meta name=\"twitter:label1\" content=\"Skrevet af\" \/>\n\t<meta name=\"twitter:data1\" content=\"Carla\" \/>\n\t<meta name=\"twitter:label2\" content=\"Estimeret l\u00e6setid\" \/>\n\t<meta name=\"twitter:data2\" content=\"3 minutter\" \/>\n<script type=\"application\/ld+json\" class=\"yoast-schema-graph\">{\"@context\":\"https:\/\/schema.org\",\"@graph\":[{\"@type\":\"Article\",\"@id\":\"https:\/\/sejlforeningen-carla.dk\/?p=987#article\",\"isPartOf\":{\"@id\":\"https:\/\/sejlforeningen-carla.dk\/?p=987\"},\"author\":{\"name\":\"Carla\",\"@id\":\"https:\/\/sejlforeningen-carla.dk\/#\/schema\/person\/8ec12dc19417deb773edbf3dfcc723cf\"},\"headline\":\"janus\",\"datePublished\":\"2024-02-29T10:53:37+00:00\",\"mainEntityOfPage\":{\"@id\":\"https:\/\/sejlforeningen-carla.dk\/?p=987\"},\"wordCount\":373,\"publisher\":{\"@id\":\"https:\/\/sejlforeningen-carla.dk\/#organization\"},\"image\":{\"@id\":\"https:\/\/sejlforeningen-carla.dk\/?p=987#primaryimage\"},\"thumbnailUrl\":\"https:\/\/sejlforeningen-carla.dk\/wp-content\/uploads\/2024\/02\/Janus.bmp\",\"articleSection\":[\"Tirsdagsholdet\"],\"inLanguage\":\"da-DK\"},{\"@type\":\"WebPage\",\"@id\":\"https:\/\/sejlforeningen-carla.dk\/?p=987\",\"url\":\"https:\/\/sejlforeningen-carla.dk\/?p=987\",\"name\":\"janus - Sejlforeningen Carla\",\"isPartOf\":{\"@id\":\"https:\/\/sejlforeningen-carla.dk\/#website\"},\"primaryImageOfPage\":{\"@id\":\"https:\/\/sejlforeningen-carla.dk\/?p=987#primaryimage\"},\"image\":{\"@id\":\"https:\/\/sejlforeningen-carla.dk\/?p=987#primaryimage\"},\"thumbnailUrl\":\"https:\/\/sejlforeningen-carla.dk\/wp-content\/uploads\/2024\/02\/Janus.bmp\",\"datePublished\":\"2024-02-29T10:53:37+00:00\",\"breadcrumb\":{\"@id\":\"https:\/\/sejlforeningen-carla.dk\/?p=987#breadcrumb\"},\"inLanguage\":\"da-DK\",\"potentialAction\":[{\"@type\":\"ReadAction\",\"target\":[\"https:\/\/sejlforeningen-carla.dk\/?p=987\"]}]},{\"@type\":\"ImageObject\",\"inLanguage\":\"da-DK\",\"@id\":\"https:\/\/sejlforeningen-carla.dk\/?p=987#primaryimage\",\"url\":\"https:\/\/sejlforeningen-carla.dk\/wp-content\/uploads\/2024\/02\/Janus.bmp\",\"contentUrl\":\"https:\/\/sejlforeningen-carla.dk\/wp-content\/uploads\/2024\/02\/Janus.bmp\",\"width\":355,\"height\":286},{\"@type\":\"BreadcrumbList\",\"@id\":\"https:\/\/sejlforeningen-carla.dk\/?p=987#breadcrumb\",\"itemListElement\":[{\"@type\":\"ListItem\",\"position\":1,\"name\":\"Home\",\"item\":\"https:\/\/sejlforeningen-carla.dk\/\"},{\"@type\":\"ListItem\",\"position\":2,\"name\":\"janus\"}]},{\"@type\":\"WebSite\",\"@id\":\"https:\/\/sejlforeningen-carla.dk\/#website\",\"url\":\"https:\/\/sejlforeningen-carla.dk\/\",\"name\":\"Sejlforeningen Carla\",\"description\":\"\",\"publisher\":{\"@id\":\"https:\/\/sejlforeningen-carla.dk\/#organization\"},\"potentialAction\":[{\"@type\":\"SearchAction\",\"target\":{\"@type\":\"EntryPoint\",\"urlTemplate\":\"https:\/\/sejlforeningen-carla.dk\/?s={search_term_string}\"},\"query-input\":{\"@type\":\"PropertyValueSpecification\",\"valueRequired\":true,\"valueName\":\"search_term_string\"}}],\"inLanguage\":\"da-DK\"},{\"@type\":\"Organization\",\"@id\":\"https:\/\/sejlforeningen-carla.dk\/#organization\",\"name\":\"Sejlforeningen Carla\",\"url\":\"https:\/\/sejlforeningen-carla.dk\/\",\"logo\":{\"@type\":\"ImageObject\",\"inLanguage\":\"da-DK\",\"@id\":\"https:\/\/sejlforeningen-carla.dk\/#\/schema\/logo\/image\/\",\"url\":\"https:\/\/sejlforeningen-carla.dk\/wp-content\/uploads\/2024\/01\/Vignet-sh-gray-150x150-1.jpg\",\"contentUrl\":\"https:\/\/sejlforeningen-carla.dk\/wp-content\/uploads\/2024\/01\/Vignet-sh-gray-150x150-1.jpg\",\"width\":150,\"height\":150,\"caption\":\"Sejlforeningen Carla\"},\"image\":{\"@id\":\"https:\/\/sejlforeningen-carla.dk\/#\/schema\/logo\/image\/\"},\"sameAs\":[\"https:\/\/www.facebook.com\/people\/Sejlforeningen-Carla\/100064108479533\/\"]},{\"@type\":\"Person\",\"@id\":\"https:\/\/sejlforeningen-carla.dk\/#\/schema\/person\/8ec12dc19417deb773edbf3dfcc723cf\",\"name\":\"Carla\",\"image\":{\"@type\":\"ImageObject\",\"inLanguage\":\"da-DK\",\"@id\":\"https:\/\/secure.gravatar.com\/avatar\/924964aa7bf1b16dd87cdaf35d1e8bb0ace46f44f43708ac4aa773900bda94b1?s=96&d=mm&r=g\",\"url\":\"https:\/\/secure.gravatar.com\/avatar\/924964aa7bf1b16dd87cdaf35d1e8bb0ace46f44f43708ac4aa773900bda94b1?s=96&d=mm&r=g\",\"contentUrl\":\"https:\/\/secure.gravatar.com\/avatar\/924964aa7bf1b16dd87cdaf35d1e8bb0ace46f44f43708ac4aa773900bda94b1?s=96&d=mm&r=g\",\"caption\":\"Carla\"},\"url\":\"https:\/\/sejlforeningen-carla.dk\/?author=2\"}]}<\/script>\n<!-- \/ Yoast SEO plugin. -->","yoast_head_json":{"title":"janus - Sejlforeningen Carla","robots":{"index":"index","follow":"follow","max-snippet":"max-snippet:-1","max-image-preview":"max-image-preview:large","max-video-preview":"max-video-preview:-1"},"canonical":"https:\/\/sejlforeningen-carla.dk\/?p=987","og_locale":"da_DK","og_type":"article","og_title":"janus - Sejlforeningen Carla","og_description":"Janus Bendix er 75 \u00e5r og med p\u00e5 tirsdagsholdet. Han er fra K\u00f8benhavn, uddannet fra Sk\u00e5rup Seminarium og har v\u00e6ret med kun et par \u00e5r. Min kone Hys blev i sin tid headhuntet til bestyrelsen, fort\u00e6ller han. Og s\u00e5 for to \u00e5r siden var man ved at finde ud af hvem der kunne sejle med [&hellip;]","og_url":"https:\/\/sejlforeningen-carla.dk\/?p=987","og_site_name":"Sejlforeningen Carla","article_publisher":"https:\/\/www.facebook.com\/people\/Sejlforeningen-Carla\/100064108479533\/","article_published_time":"2024-02-29T10:53:37+00:00","author":"Carla","twitter_card":"summary_large_image","twitter_misc":{"Skrevet af":"Carla","Estimeret l\u00e6setid":"3 minutter"},"schema":{"@context":"https:\/\/schema.org","@graph":[{"@type":"Article","@id":"https:\/\/sejlforeningen-carla.dk\/?p=987#article","isPartOf":{"@id":"https:\/\/sejlforeningen-carla.dk\/?p=987"},"author":{"name":"Carla","@id":"https:\/\/sejlforeningen-carla.dk\/#\/schema\/person\/8ec12dc19417deb773edbf3dfcc723cf"},"headline":"janus","datePublished":"2024-02-29T10:53:37+00:00","mainEntityOfPage":{"@id":"https:\/\/sejlforeningen-carla.dk\/?p=987"},"wordCount":373,"publisher":{"@id":"https:\/\/sejlforeningen-carla.dk\/#organization"},"image":{"@id":"https:\/\/sejlforeningen-carla.dk\/?p=987#primaryimage"},"thumbnailUrl":"https:\/\/sejlforeningen-carla.dk\/wp-content\/uploads\/2024\/02\/Janus.bmp","articleSection":["Tirsdagsholdet"],"inLanguage":"da-DK"},{"@type":"WebPage","@id":"https:\/\/sejlforeningen-carla.dk\/?p=987","url":"https:\/\/sejlforeningen-carla.dk\/?p=987","name":"janus - Sejlforeningen Carla","isPartOf":{"@id":"https:\/\/sejlforeningen-carla.dk\/#website"},"primaryImageOfPage":{"@id":"https:\/\/sejlforeningen-carla.dk\/?p=987#primaryimage"},"image":{"@id":"https:\/\/sejlforeningen-carla.dk\/?p=987#primaryimage"},"thumbnailUrl":"https:\/\/sejlforeningen-carla.dk\/wp-content\/uploads\/2024\/02\/Janus.bmp","datePublished":"2024-02-29T10:53:37+00:00","breadcrumb":{"@id":"https:\/\/sejlforeningen-carla.dk\/?p=987#breadcrumb"},"inLanguage":"da-DK","potentialAction":[{"@type":"ReadAction","target":["https:\/\/sejlforeningen-carla.dk\/?p=987"]}]},{"@type":"ImageObject","inLanguage":"da-DK","@id":"https:\/\/sejlforeningen-carla.dk\/?p=987#primaryimage","url":"https:\/\/sejlforeningen-carla.dk\/wp-content\/uploads\/2024\/02\/Janus.bmp","contentUrl":"https:\/\/sejlforeningen-carla.dk\/wp-content\/uploads\/2024\/02\/Janus.bmp","width":355,"height":286},{"@type":"BreadcrumbList","@id":"https:\/\/sejlforeningen-carla.dk\/?p=987#breadcrumb","itemListElement":[{"@type":"ListItem","position":1,"name":"Home","item":"https:\/\/sejlforeningen-carla.dk\/"},{"@type":"ListItem","position":2,"name":"janus"}]},{"@type":"WebSite","@id":"https:\/\/sejlforeningen-carla.dk\/#website","url":"https:\/\/sejlforeningen-carla.dk\/","name":"Sejlforeningen Carla","description":"","publisher":{"@id":"https:\/\/sejlforeningen-carla.dk\/#organization"},"potentialAction":[{"@type":"SearchAction","target":{"@type":"EntryPoint","urlTemplate":"https:\/\/sejlforeningen-carla.dk\/?s={search_term_string}"},"query-input":{"@type":"PropertyValueSpecification","valueRequired":true,"valueName":"search_term_string"}}],"inLanguage":"da-DK"},{"@type":"Organization","@id":"https:\/\/sejlforeningen-carla.dk\/#organization","name":"Sejlforeningen Carla","url":"https:\/\/sejlforeningen-carla.dk\/","logo":{"@type":"ImageObject","inLanguage":"da-DK","@id":"https:\/\/sejlforeningen-carla.dk\/#\/schema\/logo\/image\/","url":"https:\/\/sejlforeningen-carla.dk\/wp-content\/uploads\/2024\/01\/Vignet-sh-gray-150x150-1.jpg","contentUrl":"https:\/\/sejlforeningen-carla.dk\/wp-content\/uploads\/2024\/01\/Vignet-sh-gray-150x150-1.jpg","width":150,"height":150,"caption":"Sejlforeningen Carla"},"image":{"@id":"https:\/\/sejlforeningen-carla.dk\/#\/schema\/logo\/image\/"},"sameAs":["https:\/\/www.facebook.com\/people\/Sejlforeningen-Carla\/100064108479533\/"]},{"@type":"Person","@id":"https:\/\/sejlforeningen-carla.dk\/#\/schema\/person\/8ec12dc19417deb773edbf3dfcc723cf","name":"Carla","image":{"@type":"ImageObject","inLanguage":"da-DK","@id":"https:\/\/secure.gravatar.com\/avatar\/924964aa7bf1b16dd87cdaf35d1e8bb0ace46f44f43708ac4aa773900bda94b1?s=96&d=mm&r=g","url":"https:\/\/secure.gravatar.com\/avatar\/924964aa7bf1b16dd87cdaf35d1e8bb0ace46f44f43708ac4aa773900bda94b1?s=96&d=mm&r=g","contentUrl":"https:\/\/secure.gravatar.com\/avatar\/924964aa7bf1b16dd87cdaf35d1e8bb0ace46f44f43708ac4aa773900bda94b1?s=96&d=mm&r=g","caption":"Carla"},"url":"https:\/\/sejlforeningen-carla.dk\/?author=2"}]}},"_links":{"self":[{"href":"https:\/\/sejlforeningen-carla.dk\/index.php?rest_route=\/wp\/v2\/posts\/987","targetHints":{"allow":["GET"]}}],"collection":[{"href":"https:\/\/sejlforeningen-carla.dk\/index.php?rest_route=\/wp\/v2\/posts"}],"about":[{"href":"https:\/\/sejlforeningen-carla.dk\/index.php?rest_route=\/wp\/v2\/types\/post"}],"author":[{"embeddable":true,"href":"https:\/\/sejlforeningen-carla.dk\/index.php?rest_route=\/wp\/v2\/users\/2"}],"replies":[{"embeddable":true,"href":"https:\/\/sejlforeningen-carla.dk\/index.php?rest_route=%2Fwp%2Fv2%2Fcomments&post=987"}],"version-history":[{"count":2,"href":"https:\/\/sejlforeningen-carla.dk\/index.php?rest_route=\/wp\/v2\/posts\/987\/revisions"}],"predecessor-version":[{"id":990,"href":"https:\/\/sejlforeningen-carla.dk\/index.php?rest_route=\/wp\/v2\/posts\/987\/revisions\/990"}],"wp:featuredmedia":[{"embeddable":true,"href":"https:\/\/sejlforeningen-carla.dk\/index.php?rest_route=\/wp\/v2\/media\/988"}],"wp:attachment":[{"href":"https:\/\/sejlforeningen-carla.dk\/index.php?rest_route=%2Fwp%2Fv2%2Fmedia&parent=987"}],"wp:term":[{"taxonomy":"category","embeddable":true,"href":"https:\/\/sejlforeningen-carla.dk\/index.php?rest_route=%2Fwp%2Fv2%2Fcategories&post=987"},{"taxonomy":"post_tag","embeddable":true,"href":"https:\/\/sejlforeningen-carla.dk\/index.php?rest_route=%2Fwp%2Fv2%2Ftags&post=987"}],"curies":[{"name":"wp","href":"https:\/\/api.w.org\/{rel}","templated":true}]}}