{"id":931,"date":"2024-02-01T12:33:02","date_gmt":"2024-02-01T11:33:02","guid":{"rendered":"https:\/\/sejlforeningen-carla.dk\/?p=931"},"modified":"2024-02-01T12:33:02","modified_gmt":"2024-02-01T11:33:02","slug":"ojvin","status":"publish","type":"post","link":"https:\/\/sejlforeningen-carla.dk\/?p=931","title":{"rendered":"\u00d8jvin"},"content":{"rendered":"<p><strong><a href=\"https:\/\/sejlforeningen-carla.dk\/wp-content\/uploads\/2024\/02\/Oivind.bmp\"><img loading=\"lazy\" decoding=\"async\" class=\"size-full wp-image-932 alignleft\" src=\"https:\/\/sejlforeningen-carla.dk\/wp-content\/uploads\/2024\/02\/Oivind.bmp\" alt=\"\" width=\"355\" height=\"288\" \/><\/a>\u00d8<\/strong>ivind kommer fra Thur\u00f8 \u2013 og Norge f\u00f8r han flyttede hertil.<br \/>\n<strong>J<\/strong>eg har v\u00e6ret med p\u00e5 holdet et halvt \u00e5rs tid, siger \u00d8ivind.<br \/>\n<strong>J<\/strong>eg er uddannet som m\u00f8belsnedker og har v\u00e6ret selvst\u00e6ndig i 25 \u00e5r i forbindelse med restaurering af antikke m\u00f8bler. Jeg har drevet \u201dAntique Valdemars Slot &#8211; M\u00f8belrestaurering\u201d, et restaurerings- og konserveringsv\u00e6rksted som prim\u00e6rt besk\u00e6ftigede sig med ting fra 1600-, 1700- og 1800-tallet. Det var nogen sp\u00f8jse opgaver jeg tog mig af d\u00e9r.<\/p>\n<p><strong>J<\/strong>eg kendte Bjarne fra Tirsdagsholdet i forvejen, blandt andet fordi vi havde nogen f\u00e6lles venner. Det var Bjarne der foreslog det her, og efter at have set b\u00e5den t\u00e6nkte jeg at det var en god ide at arbejde lidt videre med tr\u00e6 og h\u00f8vl og stemmejern hernede.<\/p>\n<p><strong>D<\/strong>et vi g\u00e5r og laver lige nu passer mig meget godt. Vi er i gang med at lave forkahytten p\u00e5 Carla, og s\u00e5 skal der laves en p\u00e6n afslutning p\u00e5 toppen med en egetr\u00e6skantliste.<br \/>\n<strong>J<\/strong>eg har selv sejlet i 25 \u00e5r og har duelighedsbevis. Det kvalificerer mig ganske rigtigt til i givet fald og med tiden m\u00e5ske at blive skipper p\u00e5 Carla.<\/p>\n<p><strong>J<\/strong>eg har h\u00f8rt lidt om at Carla mangler s\u00e5dan \u00e9n udover Bjarne, s\u00e5 vi er to til den opgave, og jeg har som sagt papirerne til den. Men jeg har jo ogs\u00e5 min egen b\u00e5d, og sejler selv om sommeren, s\u00e5 det meste af h\u00f8js\u00e6sonen er jeg desv\u00e6rre ikke til r\u00e5dighed for sejladser som skipper p\u00e5 Carla. S\u00e5 er der selvf\u00f8lgelig sundturene i for- og efter\u00e5ret, men det er ikke noget vi har talt om. M\u00e5ske, m\u00e5ske.<br \/>\n<strong>A<\/strong>t jeg nyder at v\u00e6re med p\u00e5 Tirsdagsholdet skyldes nok en blanding af lysten til at vedligeholde tr\u00e6arbejdet fra min erhvervsaktive periode og gl\u00e6den ved at v\u00e6re en del af et maritimt milj\u00f8.<\/p>\n","protected":false},"excerpt":{"rendered":"<p>\u00d8ivind kommer fra Thur\u00f8 \u2013 og Norge f\u00f8r han flyttede hertil. Jeg har v\u00e6ret med p\u00e5 holdet et halvt \u00e5rs tid, siger \u00d8ivind. Jeg er uddannet som m\u00f8belsnedker og har v\u00e6ret selvst\u00e6ndig i 25 \u00e5r i forbindelse med restaurering af antikke m\u00f8bler. Jeg har drevet \u201dAntique Valdemars Slot &#8211; M\u00f8belrestaurering\u201d, et restaurerings- og konserveringsv\u00e6rksted som [&hellip;]<\/p>\n","protected":false},"author":1,"featured_media":932,"comment_status":"closed","ping_status":"closed","sticky":false,"template":"","format":"standard","meta":{"_et_pb_use_builder":"","_et_pb_old_content":"","_et_gb_content_width":"","footnotes":""},"categories":[5],"tags":[],"class_list":["post-931","post","type-post","status-publish","format-standard","has-post-thumbnail","hentry","category-tirsdagsholdet"],"yoast_head":"<!-- This site is optimized with the Yoast SEO plugin v27.2 - https:\/\/yoast.com\/product\/yoast-seo-wordpress\/ -->\n<title>\u00d8jvin - Sejlforeningen Carla<\/title>\n<meta name=\"robots\" content=\"index, follow, max-snippet:-1, max-image-preview:large, max-video-preview:-1\" \/>\n<link rel=\"canonical\" href=\"https:\/\/sejlforeningen-carla.dk\/?p=931\" \/>\n<meta property=\"og:locale\" content=\"da_DK\" \/>\n<meta property=\"og:type\" content=\"article\" \/>\n<meta property=\"og:title\" content=\"\u00d8jvin - Sejlforeningen Carla\" \/>\n<meta property=\"og:description\" content=\"\u00d8ivind kommer fra Thur\u00f8 \u2013 og Norge f\u00f8r han flyttede hertil. Jeg har v\u00e6ret med p\u00e5 holdet et halvt \u00e5rs tid, siger \u00d8ivind. Jeg er uddannet som m\u00f8belsnedker og har v\u00e6ret selvst\u00e6ndig i 25 \u00e5r i forbindelse med restaurering af antikke m\u00f8bler. Jeg har drevet \u201dAntique Valdemars Slot &#8211; M\u00f8belrestaurering\u201d, et restaurerings- og konserveringsv\u00e6rksted som [&hellip;]\" \/>\n<meta property=\"og:url\" content=\"https:\/\/sejlforeningen-carla.dk\/?p=931\" \/>\n<meta property=\"og:site_name\" content=\"Sejlforeningen Carla\" \/>\n<meta property=\"article:publisher\" content=\"https:\/\/www.facebook.com\/people\/Sejlforeningen-Carla\/100064108479533\/\" \/>\n<meta property=\"article:published_time\" content=\"2024-02-01T11:33:02+00:00\" \/>\n<meta name=\"author\" content=\"Jan\" \/>\n<meta name=\"twitter:card\" content=\"summary_large_image\" \/>\n<meta name=\"twitter:label1\" content=\"Skrevet af\" \/>\n\t<meta name=\"twitter:data1\" content=\"Jan\" \/>\n\t<meta name=\"twitter:label2\" content=\"Estimeret l\u00e6setid\" \/>\n\t<meta name=\"twitter:data2\" content=\"2 minutter\" \/>\n<script type=\"application\/ld+json\" class=\"yoast-schema-graph\">{\"@context\":\"https:\/\/schema.org\",\"@graph\":[{\"@type\":\"Article\",\"@id\":\"https:\/\/sejlforeningen-carla.dk\/?p=931#article\",\"isPartOf\":{\"@id\":\"https:\/\/sejlforeningen-carla.dk\/?p=931\"},\"author\":{\"name\":\"Jan\",\"@id\":\"https:\/\/sejlforeningen-carla.dk\/#\/schema\/person\/4e85a29108a5388397694880108509e6\"},\"headline\":\"\u00d8jvin\",\"datePublished\":\"2024-02-01T11:33:02+00:00\",\"mainEntityOfPage\":{\"@id\":\"https:\/\/sejlforeningen-carla.dk\/?p=931\"},\"wordCount\":327,\"publisher\":{\"@id\":\"https:\/\/sejlforeningen-carla.dk\/#organization\"},\"image\":{\"@id\":\"https:\/\/sejlforeningen-carla.dk\/?p=931#primaryimage\"},\"thumbnailUrl\":\"https:\/\/sejlforeningen-carla.dk\/wp-content\/uploads\/2024\/02\/Oivind.bmp\",\"articleSection\":[\"Tirsdagsholdet\"],\"inLanguage\":\"da-DK\"},{\"@type\":\"WebPage\",\"@id\":\"https:\/\/sejlforeningen-carla.dk\/?p=931\",\"url\":\"https:\/\/sejlforeningen-carla.dk\/?p=931\",\"name\":\"\u00d8jvin - Sejlforeningen Carla\",\"isPartOf\":{\"@id\":\"https:\/\/sejlforeningen-carla.dk\/#website\"},\"primaryImageOfPage\":{\"@id\":\"https:\/\/sejlforeningen-carla.dk\/?p=931#primaryimage\"},\"image\":{\"@id\":\"https:\/\/sejlforeningen-carla.dk\/?p=931#primaryimage\"},\"thumbnailUrl\":\"https:\/\/sejlforeningen-carla.dk\/wp-content\/uploads\/2024\/02\/Oivind.bmp\",\"datePublished\":\"2024-02-01T11:33:02+00:00\",\"breadcrumb\":{\"@id\":\"https:\/\/sejlforeningen-carla.dk\/?p=931#breadcrumb\"},\"inLanguage\":\"da-DK\",\"potentialAction\":[{\"@type\":\"ReadAction\",\"target\":[\"https:\/\/sejlforeningen-carla.dk\/?p=931\"]}]},{\"@type\":\"ImageObject\",\"inLanguage\":\"da-DK\",\"@id\":\"https:\/\/sejlforeningen-carla.dk\/?p=931#primaryimage\",\"url\":\"https:\/\/sejlforeningen-carla.dk\/wp-content\/uploads\/2024\/02\/Oivind.bmp\",\"contentUrl\":\"https:\/\/sejlforeningen-carla.dk\/wp-content\/uploads\/2024\/02\/Oivind.bmp\",\"width\":355,\"height\":288},{\"@type\":\"BreadcrumbList\",\"@id\":\"https:\/\/sejlforeningen-carla.dk\/?p=931#breadcrumb\",\"itemListElement\":[{\"@type\":\"ListItem\",\"position\":1,\"name\":\"Home\",\"item\":\"https:\/\/sejlforeningen-carla.dk\/\"},{\"@type\":\"ListItem\",\"position\":2,\"name\":\"\u00d8jvin\"}]},{\"@type\":\"WebSite\",\"@id\":\"https:\/\/sejlforeningen-carla.dk\/#website\",\"url\":\"https:\/\/sejlforeningen-carla.dk\/\",\"name\":\"Sejlforeningen Carla\",\"description\":\"\",\"publisher\":{\"@id\":\"https:\/\/sejlforeningen-carla.dk\/#organization\"},\"potentialAction\":[{\"@type\":\"SearchAction\",\"target\":{\"@type\":\"EntryPoint\",\"urlTemplate\":\"https:\/\/sejlforeningen-carla.dk\/?s={search_term_string}\"},\"query-input\":{\"@type\":\"PropertyValueSpecification\",\"valueRequired\":true,\"valueName\":\"search_term_string\"}}],\"inLanguage\":\"da-DK\"},{\"@type\":\"Organization\",\"@id\":\"https:\/\/sejlforeningen-carla.dk\/#organization\",\"name\":\"Sejlforeningen Carla\",\"url\":\"https:\/\/sejlforeningen-carla.dk\/\",\"logo\":{\"@type\":\"ImageObject\",\"inLanguage\":\"da-DK\",\"@id\":\"https:\/\/sejlforeningen-carla.dk\/#\/schema\/logo\/image\/\",\"url\":\"https:\/\/sejlforeningen-carla.dk\/wp-content\/uploads\/2024\/01\/Vignet-sh-gray-150x150-1.jpg\",\"contentUrl\":\"https:\/\/sejlforeningen-carla.dk\/wp-content\/uploads\/2024\/01\/Vignet-sh-gray-150x150-1.jpg\",\"width\":150,\"height\":150,\"caption\":\"Sejlforeningen Carla\"},\"image\":{\"@id\":\"https:\/\/sejlforeningen-carla.dk\/#\/schema\/logo\/image\/\"},\"sameAs\":[\"https:\/\/www.facebook.com\/people\/Sejlforeningen-Carla\/100064108479533\/\"]},{\"@type\":\"Person\",\"@id\":\"https:\/\/sejlforeningen-carla.dk\/#\/schema\/person\/4e85a29108a5388397694880108509e6\",\"name\":\"Jan\",\"image\":{\"@type\":\"ImageObject\",\"inLanguage\":\"da-DK\",\"@id\":\"https:\/\/secure.gravatar.com\/avatar\/4479ae5708d78591b67ff1c41397586bfdb8536b3e08f5058f606997953ab4a0?s=96&d=mm&r=g\",\"url\":\"https:\/\/secure.gravatar.com\/avatar\/4479ae5708d78591b67ff1c41397586bfdb8536b3e08f5058f606997953ab4a0?s=96&d=mm&r=g\",\"contentUrl\":\"https:\/\/secure.gravatar.com\/avatar\/4479ae5708d78591b67ff1c41397586bfdb8536b3e08f5058f606997953ab4a0?s=96&d=mm&r=g\",\"caption\":\"Jan\"},\"sameAs\":[\"https:\/\/sejlforeningen-carla.dk\"],\"url\":\"https:\/\/sejlforeningen-carla.dk\/?author=1\"}]}<\/script>\n<!-- \/ Yoast SEO plugin. -->","yoast_head_json":{"title":"\u00d8jvin - Sejlforeningen Carla","robots":{"index":"index","follow":"follow","max-snippet":"max-snippet:-1","max-image-preview":"max-image-preview:large","max-video-preview":"max-video-preview:-1"},"canonical":"https:\/\/sejlforeningen-carla.dk\/?p=931","og_locale":"da_DK","og_type":"article","og_title":"\u00d8jvin - Sejlforeningen Carla","og_description":"\u00d8ivind kommer fra Thur\u00f8 \u2013 og Norge f\u00f8r han flyttede hertil. Jeg har v\u00e6ret med p\u00e5 holdet et halvt \u00e5rs tid, siger \u00d8ivind. Jeg er uddannet som m\u00f8belsnedker og har v\u00e6ret selvst\u00e6ndig i 25 \u00e5r i forbindelse med restaurering af antikke m\u00f8bler. Jeg har drevet \u201dAntique Valdemars Slot &#8211; M\u00f8belrestaurering\u201d, et restaurerings- og konserveringsv\u00e6rksted som [&hellip;]","og_url":"https:\/\/sejlforeningen-carla.dk\/?p=931","og_site_name":"Sejlforeningen Carla","article_publisher":"https:\/\/www.facebook.com\/people\/Sejlforeningen-Carla\/100064108479533\/","article_published_time":"2024-02-01T11:33:02+00:00","author":"Jan","twitter_card":"summary_large_image","twitter_misc":{"Skrevet af":"Jan","Estimeret l\u00e6setid":"2 minutter"},"schema":{"@context":"https:\/\/schema.org","@graph":[{"@type":"Article","@id":"https:\/\/sejlforeningen-carla.dk\/?p=931#article","isPartOf":{"@id":"https:\/\/sejlforeningen-carla.dk\/?p=931"},"author":{"name":"Jan","@id":"https:\/\/sejlforeningen-carla.dk\/#\/schema\/person\/4e85a29108a5388397694880108509e6"},"headline":"\u00d8jvin","datePublished":"2024-02-01T11:33:02+00:00","mainEntityOfPage":{"@id":"https:\/\/sejlforeningen-carla.dk\/?p=931"},"wordCount":327,"publisher":{"@id":"https:\/\/sejlforeningen-carla.dk\/#organization"},"image":{"@id":"https:\/\/sejlforeningen-carla.dk\/?p=931#primaryimage"},"thumbnailUrl":"https:\/\/sejlforeningen-carla.dk\/wp-content\/uploads\/2024\/02\/Oivind.bmp","articleSection":["Tirsdagsholdet"],"inLanguage":"da-DK"},{"@type":"WebPage","@id":"https:\/\/sejlforeningen-carla.dk\/?p=931","url":"https:\/\/sejlforeningen-carla.dk\/?p=931","name":"\u00d8jvin - Sejlforeningen Carla","isPartOf":{"@id":"https:\/\/sejlforeningen-carla.dk\/#website"},"primaryImageOfPage":{"@id":"https:\/\/sejlforeningen-carla.dk\/?p=931#primaryimage"},"image":{"@id":"https:\/\/sejlforeningen-carla.dk\/?p=931#primaryimage"},"thumbnailUrl":"https:\/\/sejlforeningen-carla.dk\/wp-content\/uploads\/2024\/02\/Oivind.bmp","datePublished":"2024-02-01T11:33:02+00:00","breadcrumb":{"@id":"https:\/\/sejlforeningen-carla.dk\/?p=931#breadcrumb"},"inLanguage":"da-DK","potentialAction":[{"@type":"ReadAction","target":["https:\/\/sejlforeningen-carla.dk\/?p=931"]}]},{"@type":"ImageObject","inLanguage":"da-DK","@id":"https:\/\/sejlforeningen-carla.dk\/?p=931#primaryimage","url":"https:\/\/sejlforeningen-carla.dk\/wp-content\/uploads\/2024\/02\/Oivind.bmp","contentUrl":"https:\/\/sejlforeningen-carla.dk\/wp-content\/uploads\/2024\/02\/Oivind.bmp","width":355,"height":288},{"@type":"BreadcrumbList","@id":"https:\/\/sejlforeningen-carla.dk\/?p=931#breadcrumb","itemListElement":[{"@type":"ListItem","position":1,"name":"Home","item":"https:\/\/sejlforeningen-carla.dk\/"},{"@type":"ListItem","position":2,"name":"\u00d8jvin"}]},{"@type":"WebSite","@id":"https:\/\/sejlforeningen-carla.dk\/#website","url":"https:\/\/sejlforeningen-carla.dk\/","name":"Sejlforeningen Carla","description":"","publisher":{"@id":"https:\/\/sejlforeningen-carla.dk\/#organization"},"potentialAction":[{"@type":"SearchAction","target":{"@type":"EntryPoint","urlTemplate":"https:\/\/sejlforeningen-carla.dk\/?s={search_term_string}"},"query-input":{"@type":"PropertyValueSpecification","valueRequired":true,"valueName":"search_term_string"}}],"inLanguage":"da-DK"},{"@type":"Organization","@id":"https:\/\/sejlforeningen-carla.dk\/#organization","name":"Sejlforeningen Carla","url":"https:\/\/sejlforeningen-carla.dk\/","logo":{"@type":"ImageObject","inLanguage":"da-DK","@id":"https:\/\/sejlforeningen-carla.dk\/#\/schema\/logo\/image\/","url":"https:\/\/sejlforeningen-carla.dk\/wp-content\/uploads\/2024\/01\/Vignet-sh-gray-150x150-1.jpg","contentUrl":"https:\/\/sejlforeningen-carla.dk\/wp-content\/uploads\/2024\/01\/Vignet-sh-gray-150x150-1.jpg","width":150,"height":150,"caption":"Sejlforeningen Carla"},"image":{"@id":"https:\/\/sejlforeningen-carla.dk\/#\/schema\/logo\/image\/"},"sameAs":["https:\/\/www.facebook.com\/people\/Sejlforeningen-Carla\/100064108479533\/"]},{"@type":"Person","@id":"https:\/\/sejlforeningen-carla.dk\/#\/schema\/person\/4e85a29108a5388397694880108509e6","name":"Jan","image":{"@type":"ImageObject","inLanguage":"da-DK","@id":"https:\/\/secure.gravatar.com\/avatar\/4479ae5708d78591b67ff1c41397586bfdb8536b3e08f5058f606997953ab4a0?s=96&d=mm&r=g","url":"https:\/\/secure.gravatar.com\/avatar\/4479ae5708d78591b67ff1c41397586bfdb8536b3e08f5058f606997953ab4a0?s=96&d=mm&r=g","contentUrl":"https:\/\/secure.gravatar.com\/avatar\/4479ae5708d78591b67ff1c41397586bfdb8536b3e08f5058f606997953ab4a0?s=96&d=mm&r=g","caption":"Jan"},"sameAs":["https:\/\/sejlforeningen-carla.dk"],"url":"https:\/\/sejlforeningen-carla.dk\/?author=1"}]}},"_links":{"self":[{"href":"https:\/\/sejlforeningen-carla.dk\/index.php?rest_route=\/wp\/v2\/posts\/931","targetHints":{"allow":["GET"]}}],"collection":[{"href":"https:\/\/sejlforeningen-carla.dk\/index.php?rest_route=\/wp\/v2\/posts"}],"about":[{"href":"https:\/\/sejlforeningen-carla.dk\/index.php?rest_route=\/wp\/v2\/types\/post"}],"author":[{"embeddable":true,"href":"https:\/\/sejlforeningen-carla.dk\/index.php?rest_route=\/wp\/v2\/users\/1"}],"replies":[{"embeddable":true,"href":"https:\/\/sejlforeningen-carla.dk\/index.php?rest_route=%2Fwp%2Fv2%2Fcomments&post=931"}],"version-history":[{"count":2,"href":"https:\/\/sejlforeningen-carla.dk\/index.php?rest_route=\/wp\/v2\/posts\/931\/revisions"}],"predecessor-version":[{"id":934,"href":"https:\/\/sejlforeningen-carla.dk\/index.php?rest_route=\/wp\/v2\/posts\/931\/revisions\/934"}],"wp:featuredmedia":[{"embeddable":true,"href":"https:\/\/sejlforeningen-carla.dk\/index.php?rest_route=\/wp\/v2\/media\/932"}],"wp:attachment":[{"href":"https:\/\/sejlforeningen-carla.dk\/index.php?rest_route=%2Fwp%2Fv2%2Fmedia&parent=931"}],"wp:term":[{"taxonomy":"category","embeddable":true,"href":"https:\/\/sejlforeningen-carla.dk\/index.php?rest_route=%2Fwp%2Fv2%2Fcategories&post=931"},{"taxonomy":"post_tag","embeddable":true,"href":"https:\/\/sejlforeningen-carla.dk\/index.php?rest_route=%2Fwp%2Fv2%2Ftags&post=931"}],"curies":[{"name":"wp","href":"https:\/\/api.w.org\/{rel}","templated":true}]}}