{"id":147,"date":"2024-01-16T10:00:39","date_gmt":"2024-01-16T09:00:39","guid":{"rendered":"https:\/\/sejlforeningen-carla.dk\/?p=147"},"modified":"2024-01-16T13:48:17","modified_gmt":"2024-01-16T12:48:17","slug":"pa-vej","status":"publish","type":"post","link":"https:\/\/sejlforeningen-carla.dk\/?p=147","title":{"rendered":"P\u00e5 vej"},"content":{"rendered":"<p><strong><em>F\u00f8lg med her. Hele Tirsdagsholdet er p\u00e5 vej!<\/em><\/strong><\/p>\n","protected":false},"excerpt":{"rendered":"<p>F\u00f8lg med her. Hele Tirsdagsholdet er p\u00e5 vej!<\/p>\n","protected":false},"author":1,"featured_media":154,"comment_status":"open","ping_status":"open","sticky":false,"template":"","format":"standard","meta":{"_et_pb_use_builder":"","_et_pb_old_content":"","_et_gb_content_width":"","footnotes":""},"categories":[5],"tags":[],"class_list":["post-147","post","type-post","status-publish","format-standard","has-post-thumbnail","hentry","category-tirsdagsholdet"],"yoast_head":"<!-- This site is optimized with the Yoast SEO plugin v27.2 - https:\/\/yoast.com\/product\/yoast-seo-wordpress\/ -->\n<title>P\u00e5 vej - Sejlforeningen Carla<\/title>\n<meta name=\"robots\" content=\"index, follow, max-snippet:-1, max-image-preview:large, max-video-preview:-1\" \/>\n<link rel=\"canonical\" href=\"https:\/\/sejlforeningen-carla.dk\/?p=147\" \/>\n<meta property=\"og:locale\" content=\"da_DK\" \/>\n<meta property=\"og:type\" content=\"article\" \/>\n<meta property=\"og:title\" content=\"P\u00e5 vej - Sejlforeningen Carla\" \/>\n<meta property=\"og:description\" content=\"F\u00f8lg med her. Hele Tirsdagsholdet er p\u00e5 vej!\" \/>\n<meta property=\"og:url\" content=\"https:\/\/sejlforeningen-carla.dk\/?p=147\" \/>\n<meta property=\"og:site_name\" content=\"Sejlforeningen Carla\" \/>\n<meta property=\"article:publisher\" content=\"https:\/\/www.facebook.com\/people\/Sejlforeningen-Carla\/100064108479533\/\" \/>\n<meta property=\"article:published_time\" content=\"2024-01-16T09:00:39+00:00\" \/>\n<meta property=\"article:modified_time\" content=\"2024-01-16T12:48:17+00:00\" \/>\n<meta property=\"og:image\" content=\"https:\/\/sejlforeningen-carla.dk\/wp-content\/uploads\/2024\/01\/anonym.jpg\" \/>\n\t<meta property=\"og:image:width\" content=\"204\" \/>\n\t<meta property=\"og:image:height\" content=\"192\" \/>\n\t<meta property=\"og:image:type\" content=\"image\/jpeg\" \/>\n<meta name=\"author\" content=\"Jan\" \/>\n<meta name=\"twitter:card\" content=\"summary_large_image\" \/>\n<meta name=\"twitter:label1\" content=\"Skrevet af\" \/>\n\t<meta name=\"twitter:data1\" content=\"Jan\" \/>\n<script type=\"application\/ld+json\" class=\"yoast-schema-graph\">{\"@context\":\"https:\/\/schema.org\",\"@graph\":[{\"@type\":\"Article\",\"@id\":\"https:\/\/sejlforeningen-carla.dk\/?p=147#article\",\"isPartOf\":{\"@id\":\"https:\/\/sejlforeningen-carla.dk\/?p=147\"},\"author\":{\"name\":\"Jan\",\"@id\":\"https:\/\/sejlforeningen-carla.dk\/#\/schema\/person\/4e85a29108a5388397694880108509e6\"},\"headline\":\"P\u00e5 vej\",\"datePublished\":\"2024-01-16T09:00:39+00:00\",\"dateModified\":\"2024-01-16T12:48:17+00:00\",\"mainEntityOfPage\":{\"@id\":\"https:\/\/sejlforeningen-carla.dk\/?p=147\"},\"wordCount\":11,\"commentCount\":0,\"publisher\":{\"@id\":\"https:\/\/sejlforeningen-carla.dk\/#organization\"},\"image\":{\"@id\":\"https:\/\/sejlforeningen-carla.dk\/?p=147#primaryimage\"},\"thumbnailUrl\":\"https:\/\/sejlforeningen-carla.dk\/wp-content\/uploads\/2024\/01\/anonym.jpg\",\"articleSection\":[\"Tirsdagsholdet\"],\"inLanguage\":\"da-DK\",\"potentialAction\":[{\"@type\":\"CommentAction\",\"name\":\"Comment\",\"target\":[\"https:\/\/sejlforeningen-carla.dk\/?p=147#respond\"]}]},{\"@type\":\"WebPage\",\"@id\":\"https:\/\/sejlforeningen-carla.dk\/?p=147\",\"url\":\"https:\/\/sejlforeningen-carla.dk\/?p=147\",\"name\":\"P\u00e5 vej - Sejlforeningen Carla\",\"isPartOf\":{\"@id\":\"https:\/\/sejlforeningen-carla.dk\/#website\"},\"primaryImageOfPage\":{\"@id\":\"https:\/\/sejlforeningen-carla.dk\/?p=147#primaryimage\"},\"image\":{\"@id\":\"https:\/\/sejlforeningen-carla.dk\/?p=147#primaryimage\"},\"thumbnailUrl\":\"https:\/\/sejlforeningen-carla.dk\/wp-content\/uploads\/2024\/01\/anonym.jpg\",\"datePublished\":\"2024-01-16T09:00:39+00:00\",\"dateModified\":\"2024-01-16T12:48:17+00:00\",\"breadcrumb\":{\"@id\":\"https:\/\/sejlforeningen-carla.dk\/?p=147#breadcrumb\"},\"inLanguage\":\"da-DK\",\"potentialAction\":[{\"@type\":\"ReadAction\",\"target\":[\"https:\/\/sejlforeningen-carla.dk\/?p=147\"]}]},{\"@type\":\"ImageObject\",\"inLanguage\":\"da-DK\",\"@id\":\"https:\/\/sejlforeningen-carla.dk\/?p=147#primaryimage\",\"url\":\"https:\/\/sejlforeningen-carla.dk\/wp-content\/uploads\/2024\/01\/anonym.jpg\",\"contentUrl\":\"https:\/\/sejlforeningen-carla.dk\/wp-content\/uploads\/2024\/01\/anonym.jpg\",\"width\":204,\"height\":192},{\"@type\":\"BreadcrumbList\",\"@id\":\"https:\/\/sejlforeningen-carla.dk\/?p=147#breadcrumb\",\"itemListElement\":[{\"@type\":\"ListItem\",\"position\":1,\"name\":\"Home\",\"item\":\"https:\/\/sejlforeningen-carla.dk\/\"},{\"@type\":\"ListItem\",\"position\":2,\"name\":\"P\u00e5 vej\"}]},{\"@type\":\"WebSite\",\"@id\":\"https:\/\/sejlforeningen-carla.dk\/#website\",\"url\":\"https:\/\/sejlforeningen-carla.dk\/\",\"name\":\"Sejlforeningen Carla\",\"description\":\"\",\"publisher\":{\"@id\":\"https:\/\/sejlforeningen-carla.dk\/#organization\"},\"potentialAction\":[{\"@type\":\"SearchAction\",\"target\":{\"@type\":\"EntryPoint\",\"urlTemplate\":\"https:\/\/sejlforeningen-carla.dk\/?s={search_term_string}\"},\"query-input\":{\"@type\":\"PropertyValueSpecification\",\"valueRequired\":true,\"valueName\":\"search_term_string\"}}],\"inLanguage\":\"da-DK\"},{\"@type\":\"Organization\",\"@id\":\"https:\/\/sejlforeningen-carla.dk\/#organization\",\"name\":\"Sejlforeningen Carla\",\"url\":\"https:\/\/sejlforeningen-carla.dk\/\",\"logo\":{\"@type\":\"ImageObject\",\"inLanguage\":\"da-DK\",\"@id\":\"https:\/\/sejlforeningen-carla.dk\/#\/schema\/logo\/image\/\",\"url\":\"https:\/\/sejlforeningen-carla.dk\/wp-content\/uploads\/2024\/01\/Vignet-sh-gray-150x150-1.jpg\",\"contentUrl\":\"https:\/\/sejlforeningen-carla.dk\/wp-content\/uploads\/2024\/01\/Vignet-sh-gray-150x150-1.jpg\",\"width\":150,\"height\":150,\"caption\":\"Sejlforeningen Carla\"},\"image\":{\"@id\":\"https:\/\/sejlforeningen-carla.dk\/#\/schema\/logo\/image\/\"},\"sameAs\":[\"https:\/\/www.facebook.com\/people\/Sejlforeningen-Carla\/100064108479533\/\"]},{\"@type\":\"Person\",\"@id\":\"https:\/\/sejlforeningen-carla.dk\/#\/schema\/person\/4e85a29108a5388397694880108509e6\",\"name\":\"Jan\",\"image\":{\"@type\":\"ImageObject\",\"inLanguage\":\"da-DK\",\"@id\":\"https:\/\/secure.gravatar.com\/avatar\/4479ae5708d78591b67ff1c41397586bfdb8536b3e08f5058f606997953ab4a0?s=96&d=mm&r=g\",\"url\":\"https:\/\/secure.gravatar.com\/avatar\/4479ae5708d78591b67ff1c41397586bfdb8536b3e08f5058f606997953ab4a0?s=96&d=mm&r=g\",\"contentUrl\":\"https:\/\/secure.gravatar.com\/avatar\/4479ae5708d78591b67ff1c41397586bfdb8536b3e08f5058f606997953ab4a0?s=96&d=mm&r=g\",\"caption\":\"Jan\"},\"sameAs\":[\"https:\/\/sejlforeningen-carla.dk\"],\"url\":\"https:\/\/sejlforeningen-carla.dk\/?author=1\"}]}<\/script>\n<!-- \/ Yoast SEO plugin. -->","yoast_head_json":{"title":"P\u00e5 vej - Sejlforeningen Carla","robots":{"index":"index","follow":"follow","max-snippet":"max-snippet:-1","max-image-preview":"max-image-preview:large","max-video-preview":"max-video-preview:-1"},"canonical":"https:\/\/sejlforeningen-carla.dk\/?p=147","og_locale":"da_DK","og_type":"article","og_title":"P\u00e5 vej - Sejlforeningen Carla","og_description":"F\u00f8lg med her. Hele Tirsdagsholdet er p\u00e5 vej!","og_url":"https:\/\/sejlforeningen-carla.dk\/?p=147","og_site_name":"Sejlforeningen Carla","article_publisher":"https:\/\/www.facebook.com\/people\/Sejlforeningen-Carla\/100064108479533\/","article_published_time":"2024-01-16T09:00:39+00:00","article_modified_time":"2024-01-16T12:48:17+00:00","og_image":[{"width":204,"height":192,"url":"https:\/\/sejlforeningen-carla.dk\/wp-content\/uploads\/2024\/01\/anonym.jpg","type":"image\/jpeg"}],"author":"Jan","twitter_card":"summary_large_image","twitter_misc":{"Skrevet af":"Jan"},"schema":{"@context":"https:\/\/schema.org","@graph":[{"@type":"Article","@id":"https:\/\/sejlforeningen-carla.dk\/?p=147#article","isPartOf":{"@id":"https:\/\/sejlforeningen-carla.dk\/?p=147"},"author":{"name":"Jan","@id":"https:\/\/sejlforeningen-carla.dk\/#\/schema\/person\/4e85a29108a5388397694880108509e6"},"headline":"P\u00e5 vej","datePublished":"2024-01-16T09:00:39+00:00","dateModified":"2024-01-16T12:48:17+00:00","mainEntityOfPage":{"@id":"https:\/\/sejlforeningen-carla.dk\/?p=147"},"wordCount":11,"commentCount":0,"publisher":{"@id":"https:\/\/sejlforeningen-carla.dk\/#organization"},"image":{"@id":"https:\/\/sejlforeningen-carla.dk\/?p=147#primaryimage"},"thumbnailUrl":"https:\/\/sejlforeningen-carla.dk\/wp-content\/uploads\/2024\/01\/anonym.jpg","articleSection":["Tirsdagsholdet"],"inLanguage":"da-DK","potentialAction":[{"@type":"CommentAction","name":"Comment","target":["https:\/\/sejlforeningen-carla.dk\/?p=147#respond"]}]},{"@type":"WebPage","@id":"https:\/\/sejlforeningen-carla.dk\/?p=147","url":"https:\/\/sejlforeningen-carla.dk\/?p=147","name":"P\u00e5 vej - Sejlforeningen Carla","isPartOf":{"@id":"https:\/\/sejlforeningen-carla.dk\/#website"},"primaryImageOfPage":{"@id":"https:\/\/sejlforeningen-carla.dk\/?p=147#primaryimage"},"image":{"@id":"https:\/\/sejlforeningen-carla.dk\/?p=147#primaryimage"},"thumbnailUrl":"https:\/\/sejlforeningen-carla.dk\/wp-content\/uploads\/2024\/01\/anonym.jpg","datePublished":"2024-01-16T09:00:39+00:00","dateModified":"2024-01-16T12:48:17+00:00","breadcrumb":{"@id":"https:\/\/sejlforeningen-carla.dk\/?p=147#breadcrumb"},"inLanguage":"da-DK","potentialAction":[{"@type":"ReadAction","target":["https:\/\/sejlforeningen-carla.dk\/?p=147"]}]},{"@type":"ImageObject","inLanguage":"da-DK","@id":"https:\/\/sejlforeningen-carla.dk\/?p=147#primaryimage","url":"https:\/\/sejlforeningen-carla.dk\/wp-content\/uploads\/2024\/01\/anonym.jpg","contentUrl":"https:\/\/sejlforeningen-carla.dk\/wp-content\/uploads\/2024\/01\/anonym.jpg","width":204,"height":192},{"@type":"BreadcrumbList","@id":"https:\/\/sejlforeningen-carla.dk\/?p=147#breadcrumb","itemListElement":[{"@type":"ListItem","position":1,"name":"Home","item":"https:\/\/sejlforeningen-carla.dk\/"},{"@type":"ListItem","position":2,"name":"P\u00e5 vej"}]},{"@type":"WebSite","@id":"https:\/\/sejlforeningen-carla.dk\/#website","url":"https:\/\/sejlforeningen-carla.dk\/","name":"Sejlforeningen Carla","description":"","publisher":{"@id":"https:\/\/sejlforeningen-carla.dk\/#organization"},"potentialAction":[{"@type":"SearchAction","target":{"@type":"EntryPoint","urlTemplate":"https:\/\/sejlforeningen-carla.dk\/?s={search_term_string}"},"query-input":{"@type":"PropertyValueSpecification","valueRequired":true,"valueName":"search_term_string"}}],"inLanguage":"da-DK"},{"@type":"Organization","@id":"https:\/\/sejlforeningen-carla.dk\/#organization","name":"Sejlforeningen Carla","url":"https:\/\/sejlforeningen-carla.dk\/","logo":{"@type":"ImageObject","inLanguage":"da-DK","@id":"https:\/\/sejlforeningen-carla.dk\/#\/schema\/logo\/image\/","url":"https:\/\/sejlforeningen-carla.dk\/wp-content\/uploads\/2024\/01\/Vignet-sh-gray-150x150-1.jpg","contentUrl":"https:\/\/sejlforeningen-carla.dk\/wp-content\/uploads\/2024\/01\/Vignet-sh-gray-150x150-1.jpg","width":150,"height":150,"caption":"Sejlforeningen Carla"},"image":{"@id":"https:\/\/sejlforeningen-carla.dk\/#\/schema\/logo\/image\/"},"sameAs":["https:\/\/www.facebook.com\/people\/Sejlforeningen-Carla\/100064108479533\/"]},{"@type":"Person","@id":"https:\/\/sejlforeningen-carla.dk\/#\/schema\/person\/4e85a29108a5388397694880108509e6","name":"Jan","image":{"@type":"ImageObject","inLanguage":"da-DK","@id":"https:\/\/secure.gravatar.com\/avatar\/4479ae5708d78591b67ff1c41397586bfdb8536b3e08f5058f606997953ab4a0?s=96&d=mm&r=g","url":"https:\/\/secure.gravatar.com\/avatar\/4479ae5708d78591b67ff1c41397586bfdb8536b3e08f5058f606997953ab4a0?s=96&d=mm&r=g","contentUrl":"https:\/\/secure.gravatar.com\/avatar\/4479ae5708d78591b67ff1c41397586bfdb8536b3e08f5058f606997953ab4a0?s=96&d=mm&r=g","caption":"Jan"},"sameAs":["https:\/\/sejlforeningen-carla.dk"],"url":"https:\/\/sejlforeningen-carla.dk\/?author=1"}]}},"_links":{"self":[{"href":"https:\/\/sejlforeningen-carla.dk\/index.php?rest_route=\/wp\/v2\/posts\/147","targetHints":{"allow":["GET"]}}],"collection":[{"href":"https:\/\/sejlforeningen-carla.dk\/index.php?rest_route=\/wp\/v2\/posts"}],"about":[{"href":"https:\/\/sejlforeningen-carla.dk\/index.php?rest_route=\/wp\/v2\/types\/post"}],"author":[{"embeddable":true,"href":"https:\/\/sejlforeningen-carla.dk\/index.php?rest_route=\/wp\/v2\/users\/1"}],"replies":[{"embeddable":true,"href":"https:\/\/sejlforeningen-carla.dk\/index.php?rest_route=%2Fwp%2Fv2%2Fcomments&post=147"}],"version-history":[{"count":1,"href":"https:\/\/sejlforeningen-carla.dk\/index.php?rest_route=\/wp\/v2\/posts\/147\/revisions"}],"predecessor-version":[{"id":148,"href":"https:\/\/sejlforeningen-carla.dk\/index.php?rest_route=\/wp\/v2\/posts\/147\/revisions\/148"}],"wp:featuredmedia":[{"embeddable":true,"href":"https:\/\/sejlforeningen-carla.dk\/index.php?rest_route=\/wp\/v2\/media\/154"}],"wp:attachment":[{"href":"https:\/\/sejlforeningen-carla.dk\/index.php?rest_route=%2Fwp%2Fv2%2Fmedia&parent=147"}],"wp:term":[{"taxonomy":"category","embeddable":true,"href":"https:\/\/sejlforeningen-carla.dk\/index.php?rest_route=%2Fwp%2Fv2%2Fcategories&post=147"},{"taxonomy":"post_tag","embeddable":true,"href":"https:\/\/sejlforeningen-carla.dk\/index.php?rest_route=%2Fwp%2Fv2%2Ftags&post=147"}],"curies":[{"name":"wp","href":"https:\/\/api.w.org\/{rel}","templated":true}]}}