{"id":145,"date":"2024-01-16T11:00:52","date_gmt":"2024-01-16T10:00:52","guid":{"rendered":"https:\/\/sejlforeningen-carla.dk\/?p=145"},"modified":"2024-02-01T12:19:27","modified_gmt":"2024-02-01T11:19:27","slug":"soren","status":"publish","type":"post","link":"https:\/\/sejlforeningen-carla.dk\/?p=145","title":{"rendered":"S\u00f8ren"},"content":{"rendered":"<p>Og s\u00e5 er der\u00a0<strong>S\u00f8ren:<\/strong><\/p>\n<p><img loading=\"lazy\" decoding=\"async\" class=\"size-full wp-image-140 alignleft\" src=\"https:\/\/sejlforeningen-carla.dk\/wp-content\/uploads\/2024\/01\/Soeren.jpg\" alt=\"\" width=\"171\" height=\"169\" \/><strong>S<\/strong>\u00f8ren er 78 og uddannet guldsmed. \u201dS\u00e5 jeg har da lidt h\u00e5ndv\u00e6rk med, og det har jeg udnyttet hvor jeg kan\u201d, siger han. \u201dS\u00e5dan noget som tovv\u00e6rk er jeg god til, Jeg har fx stort set lavet skibets nye rig sammen med Bjarne. Den er lavet ligesom i gamle dage, s\u00e5dan som det var fra da Jan var rigger. <strong>J<\/strong>eg kom med p\u00e5 Tirsdagsholdet n\u00e6sten fra starten af. Jeg tror kun de havde haft Carla et \u00e5r, s\u00e5 kom Flemming Frederiksen og sagde hey, det her er lige noget for dig. Vi skal bare lige bruge en vinter og s\u00e5 130.000 kroner, s\u00e5 er vi ude og sejle. Jeg havde ellers sagt til mig selv at s\u00e5dan noget gammelt lort gider jeg ikke ha med at g\u00f8re, men s\u00e5 r\u00f8g jeg alligevel med\u201d.<\/p>\n<p><strong>D<\/strong>et har da v\u00e6ret hyggeligt nok, men det har taget sin tid at komme s\u00e5 langt som vi er nu. Og s\u00e5 har der hele tiden manglet penge. Nu er der kommet mere struktur, b\u00e5de p\u00e5 arbejdet og pengene. Det vi kan lave selv, malerarbejde, sm\u00e5ting, montagearbejde, det laver vi selv. Det store, ny st\u00e6vn, mast, bom, bund- maling og s\u00e5dan noget, det foreg\u00e5r p\u00e5 Ring-Andersens v\u00e6rft og kun d\u00e9r.<\/p>\n<p><strong>I <\/strong>starten l\u00e5 hun jo der med presenninger over, og det var fugtigt og det var koldt og det var ul\u00e6kkert. S\u00e5 jeg tog initiativ til at f\u00e5 fat i nogle billige presenninger jeg fandt i Stege, og vi fik bygget stativer til at f\u00e5 indd\u00e6kket hele skibet. Det tog en uge, hvor vi var en fire-fem-seks mand der fik det lavet. Det var den bedste investering vi gjorde p\u00e5 det skib, for s\u00e5 kunne vi g\u00e5 i l\u00e6 hele vinteren og arbejde p\u00e5 det, og det hele kan s\u00e6ttes op og pilles ned igen\u201d.<\/p>\n<p><strong>D<\/strong>er blev lavet meget biks i starten der ikke duede. S\u00e5 kom Keld til, og han fik sat standarden op. Der faldt jo tre luger af da hun forliste d\u00e9r i Sams\u00f8 B\u00e6lt, og dem lavede jeg nye af en vinter derhjemme i noget teaktr\u00e6 fra den gamle \u00c6r\u00f8sund-f\u00e6rge. Men det viste sig jo s\u00e5 at det var ikke rigtigt lavet, for der skulle ha v\u00e6ret fjer og not mellem br\u00e6dderne f\u00f8r de blev limet sammen. Men jeg havde jo bare givet dem en gang skumlim, og det spr\u00e6kker. Som guldsmed var der mange fiduser i hvordan man laver tingene, men jeg har aldrig m\u00f8dt s\u00e5 mange fiduser som en skibst\u00f8mrer eller skibsbygger har med. Det er helt vildt.<\/p>\n<p><strong>D<\/strong>et v\u00e6rste var de der vintre hvor vi gik og fr\u00f8s ad helvede til nede p\u00e5 b\u00e5den og ikke rigtig fik lavet noget f\u00f8r vi fik d\u00e6kket Carla over. S\u00e5 var det for v\u00e5dt eller osse var der noget andet. Det var noget skidt. Men ellers har det v\u00e6ret hyggeligt, og det her \u2013 2023 \u2013 er det f\u00f8rste \u00e5r hvor vi med Fyn Rundt er rigtig ude at sejle. Og den kan jo godt sejle, b\u00e5den her, for katten da. Vi blev nummer otte i den lille r\u00e6kke hvor der var 14 b\u00e5de med. Det var vi meget tilfredse med.<\/p>\n<p><strong>S<\/strong>\u00e5 jeg h\u00e6nger p\u00e5!<\/p>\n","protected":false},"excerpt":{"rendered":"<p>Og s\u00e5 er der\u00a0S\u00f8ren: S\u00f8ren er 78 og uddannet guldsmed. \u201dS\u00e5 jeg har da lidt h\u00e5ndv\u00e6rk med, og det har jeg udnyttet hvor jeg kan\u201d, siger han. \u201dS\u00e5dan noget som tovv\u00e6rk er jeg god til, Jeg har fx stort set lavet skibets nye rig sammen med Bjarne. Den er lavet ligesom i gamle dage, s\u00e5dan [&hellip;]<\/p>\n","protected":false},"author":1,"featured_media":140,"comment_status":"open","ping_status":"open","sticky":false,"template":"","format":"standard","meta":{"_et_pb_use_builder":"","_et_pb_old_content":"","_et_gb_content_width":"","footnotes":""},"categories":[5],"tags":[],"class_list":["post-145","post","type-post","status-publish","format-standard","has-post-thumbnail","hentry","category-tirsdagsholdet"],"yoast_head":"<!-- This site is optimized with the Yoast SEO plugin v27.2 - https:\/\/yoast.com\/product\/yoast-seo-wordpress\/ -->\n<title>S\u00f8ren - Sejlforeningen Carla<\/title>\n<meta name=\"robots\" content=\"index, follow, max-snippet:-1, max-image-preview:large, max-video-preview:-1\" \/>\n<link rel=\"canonical\" href=\"https:\/\/sejlforeningen-carla.dk\/?p=145\" \/>\n<meta property=\"og:locale\" content=\"da_DK\" \/>\n<meta property=\"og:type\" content=\"article\" \/>\n<meta property=\"og:title\" content=\"S\u00f8ren - Sejlforeningen Carla\" \/>\n<meta property=\"og:description\" content=\"Og s\u00e5 er der\u00a0S\u00f8ren: S\u00f8ren er 78 og uddannet guldsmed. \u201dS\u00e5 jeg har da lidt h\u00e5ndv\u00e6rk med, og det har jeg udnyttet hvor jeg kan\u201d, siger han. \u201dS\u00e5dan noget som tovv\u00e6rk er jeg god til, Jeg har fx stort set lavet skibets nye rig sammen med Bjarne. Den er lavet ligesom i gamle dage, s\u00e5dan [&hellip;]\" \/>\n<meta property=\"og:url\" content=\"https:\/\/sejlforeningen-carla.dk\/?p=145\" \/>\n<meta property=\"og:site_name\" content=\"Sejlforeningen Carla\" \/>\n<meta property=\"article:publisher\" content=\"https:\/\/www.facebook.com\/people\/Sejlforeningen-Carla\/100064108479533\/\" \/>\n<meta property=\"article:published_time\" content=\"2024-01-16T10:00:52+00:00\" \/>\n<meta property=\"article:modified_time\" content=\"2024-02-01T11:19:27+00:00\" \/>\n<meta property=\"og:image\" content=\"https:\/\/sejlforeningen-carla.dk\/wp-content\/uploads\/2024\/01\/Soeren.jpg\" \/>\n\t<meta property=\"og:image:width\" content=\"171\" \/>\n\t<meta property=\"og:image:height\" content=\"169\" \/>\n\t<meta property=\"og:image:type\" content=\"image\/jpeg\" \/>\n<meta name=\"author\" content=\"Jan\" \/>\n<meta name=\"twitter:card\" content=\"summary_large_image\" \/>\n<meta name=\"twitter:label1\" content=\"Skrevet af\" \/>\n\t<meta name=\"twitter:data1\" content=\"Jan\" \/>\n\t<meta name=\"twitter:label2\" content=\"Estimeret l\u00e6setid\" \/>\n\t<meta name=\"twitter:data2\" content=\"3 minutter\" \/>\n<script type=\"application\/ld+json\" class=\"yoast-schema-graph\">{\"@context\":\"https:\/\/schema.org\",\"@graph\":[{\"@type\":\"Article\",\"@id\":\"https:\/\/sejlforeningen-carla.dk\/?p=145#article\",\"isPartOf\":{\"@id\":\"https:\/\/sejlforeningen-carla.dk\/?p=145\"},\"author\":{\"name\":\"Jan\",\"@id\":\"https:\/\/sejlforeningen-carla.dk\/#\/schema\/person\/4e85a29108a5388397694880108509e6\"},\"headline\":\"S\u00f8ren\",\"datePublished\":\"2024-01-16T10:00:52+00:00\",\"dateModified\":\"2024-02-01T11:19:27+00:00\",\"mainEntityOfPage\":{\"@id\":\"https:\/\/sejlforeningen-carla.dk\/?p=145\"},\"wordCount\":567,\"commentCount\":0,\"publisher\":{\"@id\":\"https:\/\/sejlforeningen-carla.dk\/#organization\"},\"image\":{\"@id\":\"https:\/\/sejlforeningen-carla.dk\/?p=145#primaryimage\"},\"thumbnailUrl\":\"https:\/\/sejlforeningen-carla.dk\/wp-content\/uploads\/2024\/01\/Soeren.jpg\",\"articleSection\":[\"Tirsdagsholdet\"],\"inLanguage\":\"da-DK\",\"potentialAction\":[{\"@type\":\"CommentAction\",\"name\":\"Comment\",\"target\":[\"https:\/\/sejlforeningen-carla.dk\/?p=145#respond\"]}]},{\"@type\":\"WebPage\",\"@id\":\"https:\/\/sejlforeningen-carla.dk\/?p=145\",\"url\":\"https:\/\/sejlforeningen-carla.dk\/?p=145\",\"name\":\"S\u00f8ren - Sejlforeningen Carla\",\"isPartOf\":{\"@id\":\"https:\/\/sejlforeningen-carla.dk\/#website\"},\"primaryImageOfPage\":{\"@id\":\"https:\/\/sejlforeningen-carla.dk\/?p=145#primaryimage\"},\"image\":{\"@id\":\"https:\/\/sejlforeningen-carla.dk\/?p=145#primaryimage\"},\"thumbnailUrl\":\"https:\/\/sejlforeningen-carla.dk\/wp-content\/uploads\/2024\/01\/Soeren.jpg\",\"datePublished\":\"2024-01-16T10:00:52+00:00\",\"dateModified\":\"2024-02-01T11:19:27+00:00\",\"breadcrumb\":{\"@id\":\"https:\/\/sejlforeningen-carla.dk\/?p=145#breadcrumb\"},\"inLanguage\":\"da-DK\",\"potentialAction\":[{\"@type\":\"ReadAction\",\"target\":[\"https:\/\/sejlforeningen-carla.dk\/?p=145\"]}]},{\"@type\":\"ImageObject\",\"inLanguage\":\"da-DK\",\"@id\":\"https:\/\/sejlforeningen-carla.dk\/?p=145#primaryimage\",\"url\":\"https:\/\/sejlforeningen-carla.dk\/wp-content\/uploads\/2024\/01\/Soeren.jpg\",\"contentUrl\":\"https:\/\/sejlforeningen-carla.dk\/wp-content\/uploads\/2024\/01\/Soeren.jpg\",\"width\":171,\"height\":169},{\"@type\":\"BreadcrumbList\",\"@id\":\"https:\/\/sejlforeningen-carla.dk\/?p=145#breadcrumb\",\"itemListElement\":[{\"@type\":\"ListItem\",\"position\":1,\"name\":\"Home\",\"item\":\"https:\/\/sejlforeningen-carla.dk\/\"},{\"@type\":\"ListItem\",\"position\":2,\"name\":\"S\u00f8ren\"}]},{\"@type\":\"WebSite\",\"@id\":\"https:\/\/sejlforeningen-carla.dk\/#website\",\"url\":\"https:\/\/sejlforeningen-carla.dk\/\",\"name\":\"Sejlforeningen Carla\",\"description\":\"\",\"publisher\":{\"@id\":\"https:\/\/sejlforeningen-carla.dk\/#organization\"},\"potentialAction\":[{\"@type\":\"SearchAction\",\"target\":{\"@type\":\"EntryPoint\",\"urlTemplate\":\"https:\/\/sejlforeningen-carla.dk\/?s={search_term_string}\"},\"query-input\":{\"@type\":\"PropertyValueSpecification\",\"valueRequired\":true,\"valueName\":\"search_term_string\"}}],\"inLanguage\":\"da-DK\"},{\"@type\":\"Organization\",\"@id\":\"https:\/\/sejlforeningen-carla.dk\/#organization\",\"name\":\"Sejlforeningen Carla\",\"url\":\"https:\/\/sejlforeningen-carla.dk\/\",\"logo\":{\"@type\":\"ImageObject\",\"inLanguage\":\"da-DK\",\"@id\":\"https:\/\/sejlforeningen-carla.dk\/#\/schema\/logo\/image\/\",\"url\":\"https:\/\/sejlforeningen-carla.dk\/wp-content\/uploads\/2024\/01\/Vignet-sh-gray-150x150-1.jpg\",\"contentUrl\":\"https:\/\/sejlforeningen-carla.dk\/wp-content\/uploads\/2024\/01\/Vignet-sh-gray-150x150-1.jpg\",\"width\":150,\"height\":150,\"caption\":\"Sejlforeningen Carla\"},\"image\":{\"@id\":\"https:\/\/sejlforeningen-carla.dk\/#\/schema\/logo\/image\/\"},\"sameAs\":[\"https:\/\/www.facebook.com\/people\/Sejlforeningen-Carla\/100064108479533\/\"]},{\"@type\":\"Person\",\"@id\":\"https:\/\/sejlforeningen-carla.dk\/#\/schema\/person\/4e85a29108a5388397694880108509e6\",\"name\":\"Jan\",\"image\":{\"@type\":\"ImageObject\",\"inLanguage\":\"da-DK\",\"@id\":\"https:\/\/secure.gravatar.com\/avatar\/4479ae5708d78591b67ff1c41397586bfdb8536b3e08f5058f606997953ab4a0?s=96&d=mm&r=g\",\"url\":\"https:\/\/secure.gravatar.com\/avatar\/4479ae5708d78591b67ff1c41397586bfdb8536b3e08f5058f606997953ab4a0?s=96&d=mm&r=g\",\"contentUrl\":\"https:\/\/secure.gravatar.com\/avatar\/4479ae5708d78591b67ff1c41397586bfdb8536b3e08f5058f606997953ab4a0?s=96&d=mm&r=g\",\"caption\":\"Jan\"},\"sameAs\":[\"https:\/\/sejlforeningen-carla.dk\"],\"url\":\"https:\/\/sejlforeningen-carla.dk\/?author=1\"}]}<\/script>\n<!-- \/ Yoast SEO plugin. -->","yoast_head_json":{"title":"S\u00f8ren - Sejlforeningen Carla","robots":{"index":"index","follow":"follow","max-snippet":"max-snippet:-1","max-image-preview":"max-image-preview:large","max-video-preview":"max-video-preview:-1"},"canonical":"https:\/\/sejlforeningen-carla.dk\/?p=145","og_locale":"da_DK","og_type":"article","og_title":"S\u00f8ren - Sejlforeningen Carla","og_description":"Og s\u00e5 er der\u00a0S\u00f8ren: S\u00f8ren er 78 og uddannet guldsmed. \u201dS\u00e5 jeg har da lidt h\u00e5ndv\u00e6rk med, og det har jeg udnyttet hvor jeg kan\u201d, siger han. \u201dS\u00e5dan noget som tovv\u00e6rk er jeg god til, Jeg har fx stort set lavet skibets nye rig sammen med Bjarne. Den er lavet ligesom i gamle dage, s\u00e5dan [&hellip;]","og_url":"https:\/\/sejlforeningen-carla.dk\/?p=145","og_site_name":"Sejlforeningen Carla","article_publisher":"https:\/\/www.facebook.com\/people\/Sejlforeningen-Carla\/100064108479533\/","article_published_time":"2024-01-16T10:00:52+00:00","article_modified_time":"2024-02-01T11:19:27+00:00","og_image":[{"width":171,"height":169,"url":"https:\/\/sejlforeningen-carla.dk\/wp-content\/uploads\/2024\/01\/Soeren.jpg","type":"image\/jpeg"}],"author":"Jan","twitter_card":"summary_large_image","twitter_misc":{"Skrevet af":"Jan","Estimeret l\u00e6setid":"3 minutter"},"schema":{"@context":"https:\/\/schema.org","@graph":[{"@type":"Article","@id":"https:\/\/sejlforeningen-carla.dk\/?p=145#article","isPartOf":{"@id":"https:\/\/sejlforeningen-carla.dk\/?p=145"},"author":{"name":"Jan","@id":"https:\/\/sejlforeningen-carla.dk\/#\/schema\/person\/4e85a29108a5388397694880108509e6"},"headline":"S\u00f8ren","datePublished":"2024-01-16T10:00:52+00:00","dateModified":"2024-02-01T11:19:27+00:00","mainEntityOfPage":{"@id":"https:\/\/sejlforeningen-carla.dk\/?p=145"},"wordCount":567,"commentCount":0,"publisher":{"@id":"https:\/\/sejlforeningen-carla.dk\/#organization"},"image":{"@id":"https:\/\/sejlforeningen-carla.dk\/?p=145#primaryimage"},"thumbnailUrl":"https:\/\/sejlforeningen-carla.dk\/wp-content\/uploads\/2024\/01\/Soeren.jpg","articleSection":["Tirsdagsholdet"],"inLanguage":"da-DK","potentialAction":[{"@type":"CommentAction","name":"Comment","target":["https:\/\/sejlforeningen-carla.dk\/?p=145#respond"]}]},{"@type":"WebPage","@id":"https:\/\/sejlforeningen-carla.dk\/?p=145","url":"https:\/\/sejlforeningen-carla.dk\/?p=145","name":"S\u00f8ren - Sejlforeningen Carla","isPartOf":{"@id":"https:\/\/sejlforeningen-carla.dk\/#website"},"primaryImageOfPage":{"@id":"https:\/\/sejlforeningen-carla.dk\/?p=145#primaryimage"},"image":{"@id":"https:\/\/sejlforeningen-carla.dk\/?p=145#primaryimage"},"thumbnailUrl":"https:\/\/sejlforeningen-carla.dk\/wp-content\/uploads\/2024\/01\/Soeren.jpg","datePublished":"2024-01-16T10:00:52+00:00","dateModified":"2024-02-01T11:19:27+00:00","breadcrumb":{"@id":"https:\/\/sejlforeningen-carla.dk\/?p=145#breadcrumb"},"inLanguage":"da-DK","potentialAction":[{"@type":"ReadAction","target":["https:\/\/sejlforeningen-carla.dk\/?p=145"]}]},{"@type":"ImageObject","inLanguage":"da-DK","@id":"https:\/\/sejlforeningen-carla.dk\/?p=145#primaryimage","url":"https:\/\/sejlforeningen-carla.dk\/wp-content\/uploads\/2024\/01\/Soeren.jpg","contentUrl":"https:\/\/sejlforeningen-carla.dk\/wp-content\/uploads\/2024\/01\/Soeren.jpg","width":171,"height":169},{"@type":"BreadcrumbList","@id":"https:\/\/sejlforeningen-carla.dk\/?p=145#breadcrumb","itemListElement":[{"@type":"ListItem","position":1,"name":"Home","item":"https:\/\/sejlforeningen-carla.dk\/"},{"@type":"ListItem","position":2,"name":"S\u00f8ren"}]},{"@type":"WebSite","@id":"https:\/\/sejlforeningen-carla.dk\/#website","url":"https:\/\/sejlforeningen-carla.dk\/","name":"Sejlforeningen Carla","description":"","publisher":{"@id":"https:\/\/sejlforeningen-carla.dk\/#organization"},"potentialAction":[{"@type":"SearchAction","target":{"@type":"EntryPoint","urlTemplate":"https:\/\/sejlforeningen-carla.dk\/?s={search_term_string}"},"query-input":{"@type":"PropertyValueSpecification","valueRequired":true,"valueName":"search_term_string"}}],"inLanguage":"da-DK"},{"@type":"Organization","@id":"https:\/\/sejlforeningen-carla.dk\/#organization","name":"Sejlforeningen Carla","url":"https:\/\/sejlforeningen-carla.dk\/","logo":{"@type":"ImageObject","inLanguage":"da-DK","@id":"https:\/\/sejlforeningen-carla.dk\/#\/schema\/logo\/image\/","url":"https:\/\/sejlforeningen-carla.dk\/wp-content\/uploads\/2024\/01\/Vignet-sh-gray-150x150-1.jpg","contentUrl":"https:\/\/sejlforeningen-carla.dk\/wp-content\/uploads\/2024\/01\/Vignet-sh-gray-150x150-1.jpg","width":150,"height":150,"caption":"Sejlforeningen Carla"},"image":{"@id":"https:\/\/sejlforeningen-carla.dk\/#\/schema\/logo\/image\/"},"sameAs":["https:\/\/www.facebook.com\/people\/Sejlforeningen-Carla\/100064108479533\/"]},{"@type":"Person","@id":"https:\/\/sejlforeningen-carla.dk\/#\/schema\/person\/4e85a29108a5388397694880108509e6","name":"Jan","image":{"@type":"ImageObject","inLanguage":"da-DK","@id":"https:\/\/secure.gravatar.com\/avatar\/4479ae5708d78591b67ff1c41397586bfdb8536b3e08f5058f606997953ab4a0?s=96&d=mm&r=g","url":"https:\/\/secure.gravatar.com\/avatar\/4479ae5708d78591b67ff1c41397586bfdb8536b3e08f5058f606997953ab4a0?s=96&d=mm&r=g","contentUrl":"https:\/\/secure.gravatar.com\/avatar\/4479ae5708d78591b67ff1c41397586bfdb8536b3e08f5058f606997953ab4a0?s=96&d=mm&r=g","caption":"Jan"},"sameAs":["https:\/\/sejlforeningen-carla.dk"],"url":"https:\/\/sejlforeningen-carla.dk\/?author=1"}]}},"_links":{"self":[{"href":"https:\/\/sejlforeningen-carla.dk\/index.php?rest_route=\/wp\/v2\/posts\/145","targetHints":{"allow":["GET"]}}],"collection":[{"href":"https:\/\/sejlforeningen-carla.dk\/index.php?rest_route=\/wp\/v2\/posts"}],"about":[{"href":"https:\/\/sejlforeningen-carla.dk\/index.php?rest_route=\/wp\/v2\/types\/post"}],"author":[{"embeddable":true,"href":"https:\/\/sejlforeningen-carla.dk\/index.php?rest_route=\/wp\/v2\/users\/1"}],"replies":[{"embeddable":true,"href":"https:\/\/sejlforeningen-carla.dk\/index.php?rest_route=%2Fwp%2Fv2%2Fcomments&post=145"}],"version-history":[{"count":4,"href":"https:\/\/sejlforeningen-carla.dk\/index.php?rest_route=\/wp\/v2\/posts\/145\/revisions"}],"predecessor-version":[{"id":929,"href":"https:\/\/sejlforeningen-carla.dk\/index.php?rest_route=\/wp\/v2\/posts\/145\/revisions\/929"}],"wp:featuredmedia":[{"embeddable":true,"href":"https:\/\/sejlforeningen-carla.dk\/index.php?rest_route=\/wp\/v2\/media\/140"}],"wp:attachment":[{"href":"https:\/\/sejlforeningen-carla.dk\/index.php?rest_route=%2Fwp%2Fv2%2Fmedia&parent=145"}],"wp:term":[{"taxonomy":"category","embeddable":true,"href":"https:\/\/sejlforeningen-carla.dk\/index.php?rest_route=%2Fwp%2Fv2%2Fcategories&post=145"},{"taxonomy":"post_tag","embeddable":true,"href":"https:\/\/sejlforeningen-carla.dk\/index.php?rest_route=%2Fwp%2Fv2%2Ftags&post=145"}],"curies":[{"name":"wp","href":"https:\/\/api.w.org\/{rel}","templated":true}]}}