{"id":143,"date":"2024-01-16T12:00:34","date_gmt":"2024-01-16T11:00:34","guid":{"rendered":"https:\/\/sejlforeningen-carla.dk\/?p=143"},"modified":"2024-02-01T12:18:22","modified_gmt":"2024-02-01T11:18:22","slug":"keld","status":"publish","type":"post","link":"https:\/\/sejlforeningen-carla.dk\/?p=143","title":{"rendered":"Keld"},"content":{"rendered":"<p>Et andet medlem er <strong>Keld Madsen:<\/strong><\/p>\n<p><strong><img loading=\"lazy\" decoding=\"async\" class=\"size-full wp-image-139 alignleft\" src=\"https:\/\/sejlforeningen-carla.dk\/wp-content\/uploads\/2024\/01\/Keld.jpg\" alt=\"\" width=\"250\" height=\"247\" \/>K<\/strong>eld er 80 \u00e5r. Han har v\u00e6ret med p\u00e5 tirsdagsholdet siden 2016. Han er uddannet bygningssnedker, og har gennem \u00e5rene v\u00e6ret bl.a. byggeleder p\u00e5 adskillige store byggerier i Svendborg. Hvilke fx? \u201cDet er lettere at sige hvad jeg <em>ikke\u00a0<\/em>har haft snor i af byggerier\u201d, griner han.<\/p>\n<p><strong>K<\/strong>eld er tovholder p\u00e5 Tirsdagsholdets opgaver. Ofte m\u00f8der man bare ind og fordeler arbejdet og tager fat. Men ved specifikke opgaver, som vi skal v\u00e6re flere om, sender jeg sms til hele holdet f\u00f8r vi m\u00f8des om tirsdagen.<\/p>\n<p><strong>D<\/strong>et jeg laver ligger kun inden for alt hvad der ikke er skrog-relateret. At g\u00e5 og lave nogen k\u00f8jer og kisteb\u00e6nke, det er fint. Meget af det jeg laver er jo noget, som andre p\u00e5 holdet s\u00e5 monterer p\u00e5 Carla.<\/p>\n<p><strong>A<\/strong>lt hvad der har med Carlas skrog \u2013 alt det store \u2013 skal laves p\u00e5 v\u00e6rft. Det har Ring-Andersens v\u00e6rft i Svendborg taget sig af. Det der ikke har med skibets skrog og s\u00f8dygtighed at g\u00f8re, det kan holdet klare. Jeg har lavet karmen og ruftaget over maskinen, og jeg har lavet karmene til det forreste ruf, siger Keld. Men det var s\u00e5 ogs\u00e5 d\u00e9r jeg fandt ud af at s\u00e5dan nogen opgaver skal jeg fremover holde mig fra. Dem har jeg simpelthen ikke kompetencerne til. Eller musklerne, for den sags skyld, smiler han. S\u00e5 det jeg laver nu, det er fx kisteb\u00e6nke til tovv\u00e6rk og til gasflaske i pantryet. Skylights og s\u00e5dan noget. Og s\u00e5 sm\u00e5opgaver der er ren hygge, men som jo skal laves.<\/p>\n<p><strong>D<\/strong>et der er Carlas salon begyndte som lastrum, og s\u00e5dan skal det se ud igen. S\u00e5dan at forst\u00e5 at salon og pantry \u2013 k\u00f8kken \u2013 bliver ved med at v\u00e6re d\u00e9r, fort\u00e6ller Keld. Men lastlugerne p\u00e5 d\u00e6k skal genskabes med karme og presenninger. Det er fordi Carla som betingelse for st\u00f8tten fra Skibsbevaringsfonden skal f\u00f8res tilbage og se ud som da hun blev bygget som paketb\u00e5d. Derfor skal hun med tiden ogs\u00e5 igen have styrehus, og ogs\u00e5 det m\u00e5 v\u00e6rftet klare. Men Tirsdagsholdet er dem der tager sig af mindre opgaver, den daglige vedligeholdelse, maling osv. Kort sagt passer og plejer Carla.<\/p>\n<p><strong>D<\/strong>et bedste ved at v\u00e6re med p\u00e5 Tirsdagsholdet er helt klart det sociale sammenhold i gruppen, siger Keld. At m\u00f8de op og m\u00e6rke stemningen p\u00e5 holdet. At komme ind og bare g\u00e5 en tur ovre p\u00e5 Ring-Andersens v\u00e6rft, og at komme p\u00e5 vandet under sejl med hende og de andre. Det er uvurderligt.<\/p>\n<p><strong>M<\/strong>en Keld deltager ikke i fx Fyn Rundt med Carla mere. Jeg kan jo ikke lade v\u00e6re med at tage ved n\u00e5r og hvor der er brug for det undervejs, og jeg ved at det h\u00e6vner sig bagefter. S\u00e5 det er slut for mig med de l\u00e6ngere ture med Carla, siger Keld med et lille smil.<\/p>\n","protected":false},"excerpt":{"rendered":"<p>Et andet medlem er Keld Madsen: Keld er 80 \u00e5r. Han har v\u00e6ret med p\u00e5 tirsdagsholdet siden 2016. Han er uddannet bygningssnedker, og har gennem \u00e5rene v\u00e6ret bl.a. byggeleder p\u00e5 adskillige store byggerier i Svendborg. Hvilke fx? \u201cDet er lettere at sige hvad jeg ikke\u00a0har haft snor i af byggerier\u201d, griner han. Keld er tovholder [&hellip;]<\/p>\n","protected":false},"author":1,"featured_media":139,"comment_status":"open","ping_status":"open","sticky":false,"template":"","format":"standard","meta":{"_et_pb_use_builder":"","_et_pb_old_content":"","_et_gb_content_width":"","footnotes":""},"categories":[5],"tags":[],"class_list":["post-143","post","type-post","status-publish","format-standard","has-post-thumbnail","hentry","category-tirsdagsholdet"],"yoast_head":"<!-- This site is optimized with the Yoast SEO plugin v27.2 - https:\/\/yoast.com\/product\/yoast-seo-wordpress\/ -->\n<title>Keld - Sejlforeningen Carla<\/title>\n<meta name=\"robots\" content=\"index, follow, max-snippet:-1, max-image-preview:large, max-video-preview:-1\" \/>\n<link rel=\"canonical\" href=\"https:\/\/sejlforeningen-carla.dk\/?p=143\" \/>\n<meta property=\"og:locale\" content=\"da_DK\" \/>\n<meta property=\"og:type\" content=\"article\" \/>\n<meta property=\"og:title\" content=\"Keld - Sejlforeningen Carla\" \/>\n<meta property=\"og:description\" content=\"Et andet medlem er Keld Madsen: Keld er 80 \u00e5r. Han har v\u00e6ret med p\u00e5 tirsdagsholdet siden 2016. Han er uddannet bygningssnedker, og har gennem \u00e5rene v\u00e6ret bl.a. byggeleder p\u00e5 adskillige store byggerier i Svendborg. Hvilke fx? \u201cDet er lettere at sige hvad jeg ikke\u00a0har haft snor i af byggerier\u201d, griner han. Keld er tovholder [&hellip;]\" \/>\n<meta property=\"og:url\" content=\"https:\/\/sejlforeningen-carla.dk\/?p=143\" \/>\n<meta property=\"og:site_name\" content=\"Sejlforeningen Carla\" \/>\n<meta property=\"article:publisher\" content=\"https:\/\/www.facebook.com\/people\/Sejlforeningen-Carla\/100064108479533\/\" \/>\n<meta property=\"article:published_time\" content=\"2024-01-16T11:00:34+00:00\" \/>\n<meta property=\"article:modified_time\" content=\"2024-02-01T11:18:22+00:00\" \/>\n<meta property=\"og:image\" content=\"https:\/\/sejlforeningen-carla.dk\/wp-content\/uploads\/2024\/01\/Keld.jpg\" \/>\n\t<meta property=\"og:image:width\" content=\"250\" \/>\n\t<meta property=\"og:image:height\" content=\"247\" \/>\n\t<meta property=\"og:image:type\" content=\"image\/jpeg\" \/>\n<meta name=\"author\" content=\"Jan\" \/>\n<meta name=\"twitter:card\" content=\"summary_large_image\" \/>\n<meta name=\"twitter:label1\" content=\"Skrevet af\" \/>\n\t<meta name=\"twitter:data1\" content=\"Jan\" \/>\n\t<meta name=\"twitter:label2\" content=\"Estimeret l\u00e6setid\" \/>\n\t<meta name=\"twitter:data2\" content=\"3 minutter\" \/>\n<script type=\"application\/ld+json\" class=\"yoast-schema-graph\">{\"@context\":\"https:\/\/schema.org\",\"@graph\":[{\"@type\":\"Article\",\"@id\":\"https:\/\/sejlforeningen-carla.dk\/?p=143#article\",\"isPartOf\":{\"@id\":\"https:\/\/sejlforeningen-carla.dk\/?p=143\"},\"author\":{\"name\":\"Jan\",\"@id\":\"https:\/\/sejlforeningen-carla.dk\/#\/schema\/person\/4e85a29108a5388397694880108509e6\"},\"headline\":\"Keld\",\"datePublished\":\"2024-01-16T11:00:34+00:00\",\"dateModified\":\"2024-02-01T11:18:22+00:00\",\"mainEntityOfPage\":{\"@id\":\"https:\/\/sejlforeningen-carla.dk\/?p=143\"},\"wordCount\":501,\"commentCount\":0,\"publisher\":{\"@id\":\"https:\/\/sejlforeningen-carla.dk\/#organization\"},\"image\":{\"@id\":\"https:\/\/sejlforeningen-carla.dk\/?p=143#primaryimage\"},\"thumbnailUrl\":\"https:\/\/sejlforeningen-carla.dk\/wp-content\/uploads\/2024\/01\/Keld.jpg\",\"articleSection\":[\"Tirsdagsholdet\"],\"inLanguage\":\"da-DK\",\"potentialAction\":[{\"@type\":\"CommentAction\",\"name\":\"Comment\",\"target\":[\"https:\/\/sejlforeningen-carla.dk\/?p=143#respond\"]}]},{\"@type\":\"WebPage\",\"@id\":\"https:\/\/sejlforeningen-carla.dk\/?p=143\",\"url\":\"https:\/\/sejlforeningen-carla.dk\/?p=143\",\"name\":\"Keld - Sejlforeningen Carla\",\"isPartOf\":{\"@id\":\"https:\/\/sejlforeningen-carla.dk\/#website\"},\"primaryImageOfPage\":{\"@id\":\"https:\/\/sejlforeningen-carla.dk\/?p=143#primaryimage\"},\"image\":{\"@id\":\"https:\/\/sejlforeningen-carla.dk\/?p=143#primaryimage\"},\"thumbnailUrl\":\"https:\/\/sejlforeningen-carla.dk\/wp-content\/uploads\/2024\/01\/Keld.jpg\",\"datePublished\":\"2024-01-16T11:00:34+00:00\",\"dateModified\":\"2024-02-01T11:18:22+00:00\",\"breadcrumb\":{\"@id\":\"https:\/\/sejlforeningen-carla.dk\/?p=143#breadcrumb\"},\"inLanguage\":\"da-DK\",\"potentialAction\":[{\"@type\":\"ReadAction\",\"target\":[\"https:\/\/sejlforeningen-carla.dk\/?p=143\"]}]},{\"@type\":\"ImageObject\",\"inLanguage\":\"da-DK\",\"@id\":\"https:\/\/sejlforeningen-carla.dk\/?p=143#primaryimage\",\"url\":\"https:\/\/sejlforeningen-carla.dk\/wp-content\/uploads\/2024\/01\/Keld.jpg\",\"contentUrl\":\"https:\/\/sejlforeningen-carla.dk\/wp-content\/uploads\/2024\/01\/Keld.jpg\",\"width\":250,\"height\":247},{\"@type\":\"BreadcrumbList\",\"@id\":\"https:\/\/sejlforeningen-carla.dk\/?p=143#breadcrumb\",\"itemListElement\":[{\"@type\":\"ListItem\",\"position\":1,\"name\":\"Home\",\"item\":\"https:\/\/sejlforeningen-carla.dk\/\"},{\"@type\":\"ListItem\",\"position\":2,\"name\":\"Keld\"}]},{\"@type\":\"WebSite\",\"@id\":\"https:\/\/sejlforeningen-carla.dk\/#website\",\"url\":\"https:\/\/sejlforeningen-carla.dk\/\",\"name\":\"Sejlforeningen Carla\",\"description\":\"\",\"publisher\":{\"@id\":\"https:\/\/sejlforeningen-carla.dk\/#organization\"},\"potentialAction\":[{\"@type\":\"SearchAction\",\"target\":{\"@type\":\"EntryPoint\",\"urlTemplate\":\"https:\/\/sejlforeningen-carla.dk\/?s={search_term_string}\"},\"query-input\":{\"@type\":\"PropertyValueSpecification\",\"valueRequired\":true,\"valueName\":\"search_term_string\"}}],\"inLanguage\":\"da-DK\"},{\"@type\":\"Organization\",\"@id\":\"https:\/\/sejlforeningen-carla.dk\/#organization\",\"name\":\"Sejlforeningen Carla\",\"url\":\"https:\/\/sejlforeningen-carla.dk\/\",\"logo\":{\"@type\":\"ImageObject\",\"inLanguage\":\"da-DK\",\"@id\":\"https:\/\/sejlforeningen-carla.dk\/#\/schema\/logo\/image\/\",\"url\":\"https:\/\/sejlforeningen-carla.dk\/wp-content\/uploads\/2024\/01\/Vignet-sh-gray-150x150-1.jpg\",\"contentUrl\":\"https:\/\/sejlforeningen-carla.dk\/wp-content\/uploads\/2024\/01\/Vignet-sh-gray-150x150-1.jpg\",\"width\":150,\"height\":150,\"caption\":\"Sejlforeningen Carla\"},\"image\":{\"@id\":\"https:\/\/sejlforeningen-carla.dk\/#\/schema\/logo\/image\/\"},\"sameAs\":[\"https:\/\/www.facebook.com\/people\/Sejlforeningen-Carla\/100064108479533\/\"]},{\"@type\":\"Person\",\"@id\":\"https:\/\/sejlforeningen-carla.dk\/#\/schema\/person\/4e85a29108a5388397694880108509e6\",\"name\":\"Jan\",\"image\":{\"@type\":\"ImageObject\",\"inLanguage\":\"da-DK\",\"@id\":\"https:\/\/secure.gravatar.com\/avatar\/4479ae5708d78591b67ff1c41397586bfdb8536b3e08f5058f606997953ab4a0?s=96&d=mm&r=g\",\"url\":\"https:\/\/secure.gravatar.com\/avatar\/4479ae5708d78591b67ff1c41397586bfdb8536b3e08f5058f606997953ab4a0?s=96&d=mm&r=g\",\"contentUrl\":\"https:\/\/secure.gravatar.com\/avatar\/4479ae5708d78591b67ff1c41397586bfdb8536b3e08f5058f606997953ab4a0?s=96&d=mm&r=g\",\"caption\":\"Jan\"},\"sameAs\":[\"https:\/\/sejlforeningen-carla.dk\"],\"url\":\"https:\/\/sejlforeningen-carla.dk\/?author=1\"}]}<\/script>\n<!-- \/ Yoast SEO plugin. -->","yoast_head_json":{"title":"Keld - Sejlforeningen Carla","robots":{"index":"index","follow":"follow","max-snippet":"max-snippet:-1","max-image-preview":"max-image-preview:large","max-video-preview":"max-video-preview:-1"},"canonical":"https:\/\/sejlforeningen-carla.dk\/?p=143","og_locale":"da_DK","og_type":"article","og_title":"Keld - Sejlforeningen Carla","og_description":"Et andet medlem er Keld Madsen: Keld er 80 \u00e5r. Han har v\u00e6ret med p\u00e5 tirsdagsholdet siden 2016. Han er uddannet bygningssnedker, og har gennem \u00e5rene v\u00e6ret bl.a. byggeleder p\u00e5 adskillige store byggerier i Svendborg. Hvilke fx? \u201cDet er lettere at sige hvad jeg ikke\u00a0har haft snor i af byggerier\u201d, griner han. Keld er tovholder [&hellip;]","og_url":"https:\/\/sejlforeningen-carla.dk\/?p=143","og_site_name":"Sejlforeningen Carla","article_publisher":"https:\/\/www.facebook.com\/people\/Sejlforeningen-Carla\/100064108479533\/","article_published_time":"2024-01-16T11:00:34+00:00","article_modified_time":"2024-02-01T11:18:22+00:00","og_image":[{"width":250,"height":247,"url":"https:\/\/sejlforeningen-carla.dk\/wp-content\/uploads\/2024\/01\/Keld.jpg","type":"image\/jpeg"}],"author":"Jan","twitter_card":"summary_large_image","twitter_misc":{"Skrevet af":"Jan","Estimeret l\u00e6setid":"3 minutter"},"schema":{"@context":"https:\/\/schema.org","@graph":[{"@type":"Article","@id":"https:\/\/sejlforeningen-carla.dk\/?p=143#article","isPartOf":{"@id":"https:\/\/sejlforeningen-carla.dk\/?p=143"},"author":{"name":"Jan","@id":"https:\/\/sejlforeningen-carla.dk\/#\/schema\/person\/4e85a29108a5388397694880108509e6"},"headline":"Keld","datePublished":"2024-01-16T11:00:34+00:00","dateModified":"2024-02-01T11:18:22+00:00","mainEntityOfPage":{"@id":"https:\/\/sejlforeningen-carla.dk\/?p=143"},"wordCount":501,"commentCount":0,"publisher":{"@id":"https:\/\/sejlforeningen-carla.dk\/#organization"},"image":{"@id":"https:\/\/sejlforeningen-carla.dk\/?p=143#primaryimage"},"thumbnailUrl":"https:\/\/sejlforeningen-carla.dk\/wp-content\/uploads\/2024\/01\/Keld.jpg","articleSection":["Tirsdagsholdet"],"inLanguage":"da-DK","potentialAction":[{"@type":"CommentAction","name":"Comment","target":["https:\/\/sejlforeningen-carla.dk\/?p=143#respond"]}]},{"@type":"WebPage","@id":"https:\/\/sejlforeningen-carla.dk\/?p=143","url":"https:\/\/sejlforeningen-carla.dk\/?p=143","name":"Keld - Sejlforeningen Carla","isPartOf":{"@id":"https:\/\/sejlforeningen-carla.dk\/#website"},"primaryImageOfPage":{"@id":"https:\/\/sejlforeningen-carla.dk\/?p=143#primaryimage"},"image":{"@id":"https:\/\/sejlforeningen-carla.dk\/?p=143#primaryimage"},"thumbnailUrl":"https:\/\/sejlforeningen-carla.dk\/wp-content\/uploads\/2024\/01\/Keld.jpg","datePublished":"2024-01-16T11:00:34+00:00","dateModified":"2024-02-01T11:18:22+00:00","breadcrumb":{"@id":"https:\/\/sejlforeningen-carla.dk\/?p=143#breadcrumb"},"inLanguage":"da-DK","potentialAction":[{"@type":"ReadAction","target":["https:\/\/sejlforeningen-carla.dk\/?p=143"]}]},{"@type":"ImageObject","inLanguage":"da-DK","@id":"https:\/\/sejlforeningen-carla.dk\/?p=143#primaryimage","url":"https:\/\/sejlforeningen-carla.dk\/wp-content\/uploads\/2024\/01\/Keld.jpg","contentUrl":"https:\/\/sejlforeningen-carla.dk\/wp-content\/uploads\/2024\/01\/Keld.jpg","width":250,"height":247},{"@type":"BreadcrumbList","@id":"https:\/\/sejlforeningen-carla.dk\/?p=143#breadcrumb","itemListElement":[{"@type":"ListItem","position":1,"name":"Home","item":"https:\/\/sejlforeningen-carla.dk\/"},{"@type":"ListItem","position":2,"name":"Keld"}]},{"@type":"WebSite","@id":"https:\/\/sejlforeningen-carla.dk\/#website","url":"https:\/\/sejlforeningen-carla.dk\/","name":"Sejlforeningen Carla","description":"","publisher":{"@id":"https:\/\/sejlforeningen-carla.dk\/#organization"},"potentialAction":[{"@type":"SearchAction","target":{"@type":"EntryPoint","urlTemplate":"https:\/\/sejlforeningen-carla.dk\/?s={search_term_string}"},"query-input":{"@type":"PropertyValueSpecification","valueRequired":true,"valueName":"search_term_string"}}],"inLanguage":"da-DK"},{"@type":"Organization","@id":"https:\/\/sejlforeningen-carla.dk\/#organization","name":"Sejlforeningen Carla","url":"https:\/\/sejlforeningen-carla.dk\/","logo":{"@type":"ImageObject","inLanguage":"da-DK","@id":"https:\/\/sejlforeningen-carla.dk\/#\/schema\/logo\/image\/","url":"https:\/\/sejlforeningen-carla.dk\/wp-content\/uploads\/2024\/01\/Vignet-sh-gray-150x150-1.jpg","contentUrl":"https:\/\/sejlforeningen-carla.dk\/wp-content\/uploads\/2024\/01\/Vignet-sh-gray-150x150-1.jpg","width":150,"height":150,"caption":"Sejlforeningen Carla"},"image":{"@id":"https:\/\/sejlforeningen-carla.dk\/#\/schema\/logo\/image\/"},"sameAs":["https:\/\/www.facebook.com\/people\/Sejlforeningen-Carla\/100064108479533\/"]},{"@type":"Person","@id":"https:\/\/sejlforeningen-carla.dk\/#\/schema\/person\/4e85a29108a5388397694880108509e6","name":"Jan","image":{"@type":"ImageObject","inLanguage":"da-DK","@id":"https:\/\/secure.gravatar.com\/avatar\/4479ae5708d78591b67ff1c41397586bfdb8536b3e08f5058f606997953ab4a0?s=96&d=mm&r=g","url":"https:\/\/secure.gravatar.com\/avatar\/4479ae5708d78591b67ff1c41397586bfdb8536b3e08f5058f606997953ab4a0?s=96&d=mm&r=g","contentUrl":"https:\/\/secure.gravatar.com\/avatar\/4479ae5708d78591b67ff1c41397586bfdb8536b3e08f5058f606997953ab4a0?s=96&d=mm&r=g","caption":"Jan"},"sameAs":["https:\/\/sejlforeningen-carla.dk"],"url":"https:\/\/sejlforeningen-carla.dk\/?author=1"}]}},"_links":{"self":[{"href":"https:\/\/sejlforeningen-carla.dk\/index.php?rest_route=\/wp\/v2\/posts\/143","targetHints":{"allow":["GET"]}}],"collection":[{"href":"https:\/\/sejlforeningen-carla.dk\/index.php?rest_route=\/wp\/v2\/posts"}],"about":[{"href":"https:\/\/sejlforeningen-carla.dk\/index.php?rest_route=\/wp\/v2\/types\/post"}],"author":[{"embeddable":true,"href":"https:\/\/sejlforeningen-carla.dk\/index.php?rest_route=\/wp\/v2\/users\/1"}],"replies":[{"embeddable":true,"href":"https:\/\/sejlforeningen-carla.dk\/index.php?rest_route=%2Fwp%2Fv2%2Fcomments&post=143"}],"version-history":[{"count":4,"href":"https:\/\/sejlforeningen-carla.dk\/index.php?rest_route=\/wp\/v2\/posts\/143\/revisions"}],"predecessor-version":[{"id":928,"href":"https:\/\/sejlforeningen-carla.dk\/index.php?rest_route=\/wp\/v2\/posts\/143\/revisions\/928"}],"wp:featuredmedia":[{"embeddable":true,"href":"https:\/\/sejlforeningen-carla.dk\/index.php?rest_route=\/wp\/v2\/media\/139"}],"wp:attachment":[{"href":"https:\/\/sejlforeningen-carla.dk\/index.php?rest_route=%2Fwp%2Fv2%2Fmedia&parent=143"}],"wp:term":[{"taxonomy":"category","embeddable":true,"href":"https:\/\/sejlforeningen-carla.dk\/index.php?rest_route=%2Fwp%2Fv2%2Fcategories&post=143"},{"taxonomy":"post_tag","embeddable":true,"href":"https:\/\/sejlforeningen-carla.dk\/index.php?rest_route=%2Fwp%2Fv2%2Ftags&post=143"}],"curies":[{"name":"wp","href":"https:\/\/api.w.org\/{rel}","templated":true}]}}