{"id":135,"date":"2024-01-16T13:14:38","date_gmt":"2024-01-16T12:14:38","guid":{"rendered":"https:\/\/sejlforeningen-carla.dk\/?p=135"},"modified":"2024-02-01T12:20:28","modified_gmt":"2024-02-01T11:20:28","slug":"bjarne","status":"publish","type":"post","link":"https:\/\/sejlforeningen-carla.dk\/?p=135","title":{"rendered":"Bjarne"},"content":{"rendered":"<p>Et medlem er\u00a0<strong>Bjarne M\u00f8ldrup:<\/strong><\/p>\n<p><img loading=\"lazy\" decoding=\"async\" class=\"size-full wp-image-138 alignleft\" src=\"https:\/\/sejlforeningen-carla.dk\/wp-content\/uploads\/2024\/01\/Bjarne.jpg\" alt=\"\" width=\"247\" height=\"257\" \/>\u00a0 <strong>J<\/strong>eg er oprindelig smed, fort\u00e6ller Bjarne. S\u00e5 uddannede jeg mig videre til maskinmester. Sejlede med \u00d8K\u2019s Simba p\u00e5 bl.a. Fjern\u00f8sten, og senere med rederiet Torm.<\/p>\n<p><strong>B<\/strong>jarne har v\u00e6ret med p\u00e5 Tirsdagsholdet i 4 \u00e5r. Jeg var og er med i Caroline S, og p\u00e5 et tidspunkt var der en der fortalte om Carla. Det m\u00e5tte jeg jo lige kigge p\u00e5, og da jeg havde kigget var jeg solgt. Det projekt m\u00e5tte jeg simpelthen deltage i.<\/p>\n<p><strong>M<\/strong>it felt er det motorm\u00e6ssige, siger Bjarne. Det er Torben og mig der er de prim\u00e6re p\u00e5 motoren og det elektriske. Det har lejlighedsvis v\u00e6ret noget af en opgave. F.eks da gearet pludselig viste sig at v\u00e6re defekt og vi m\u00e5tte pille det ud og renovere det helt fra bunden. Vi m\u00e5tte vente p\u00e5 reservedele fra USA. Et stort arbejde, men det er dybt tilfredsstillende n\u00e5r det lykkes og man til sidst f\u00e5r s\u00e5dan noget til igen at virke som det skal.<\/p>\n<p><strong>B<\/strong>jarne har Yachtskipperbevis, og dermed ret til at v\u00e6re styrmand p\u00e5 fritids- fart\u00f8jer i fart p\u00e5 alle have og ret til at f\u00f8re fritidsfart\u00f8jer p\u00e5 op til 24 meter i \u00d8sters\u00f8en og Nords\u00f8en, omkring de Britiske \u00d8er, Norge, F\u00e6r\u00f8erne og langs Gr\u00f8nlands kyster. (S\u00f8fartsstyrelsen).<\/p>\n<p><strong>J<\/strong>eg elsker at sejle med Carla. At l\u00e6re hende at kende. Hun sejler simpelthen fantastisk. Man kan m\u00e6rke bare sm\u00e5 \u00e6ndringer i f.eks sejlf\u00f8ringen fra den ene tur til den anden. Hun ligger godt i s\u00f8en, bryder b\u00f8lgerne godt. Et dejligt skib som det er en forn\u00f8jelse at arbejde p\u00e5 og med.<\/p>\n<p><strong>D<\/strong>et bedste for mig er og har hele tiden v\u00e6ret den samh\u00f8righed der er p\u00e5 holdet, siger Bjarne. Den vil jeg fremh\u00e6ve rigtig meget fremfor enkelte oplevelser. Det er den der b\u00e6rer igennem, n\u00e5r det en gang imellem ser sv\u00e6rt ud. Carla er i den grad en holdindsats !<\/p>\n<p><strong>B<\/strong>jarne er skipper p\u00e5 Carla og blev ved seneste generalforsamling i april 2023 valgt som formand for Sejlforeningens bestyrelse.<\/p>\n<p>&nbsp;<\/p>\n","protected":false},"excerpt":{"rendered":"<p>Et medlem er\u00a0Bjarne M\u00f8ldrup: \u00a0 Jeg er oprindelig smed, fort\u00e6ller Bjarne. S\u00e5 uddannede jeg mig videre til maskinmester. Sejlede med \u00d8K\u2019s Simba p\u00e5 bl.a. Fjern\u00f8sten, og senere med rederiet Torm. Bjarne har v\u00e6ret med p\u00e5 Tirsdagsholdet i 4 \u00e5r. Jeg var og er med i Caroline S, og p\u00e5 et tidspunkt var der en der [&hellip;]<\/p>\n","protected":false},"author":1,"featured_media":138,"comment_status":"open","ping_status":"open","sticky":false,"template":"","format":"standard","meta":{"_et_pb_use_builder":"","_et_pb_old_content":"","_et_gb_content_width":"","footnotes":""},"categories":[5],"tags":[],"class_list":["post-135","post","type-post","status-publish","format-standard","has-post-thumbnail","hentry","category-tirsdagsholdet"],"yoast_head":"<!-- This site is optimized with the Yoast SEO plugin v27.2 - https:\/\/yoast.com\/product\/yoast-seo-wordpress\/ -->\n<title>Bjarne - Sejlforeningen Carla<\/title>\n<meta name=\"robots\" content=\"index, follow, max-snippet:-1, max-image-preview:large, max-video-preview:-1\" \/>\n<link rel=\"canonical\" href=\"https:\/\/sejlforeningen-carla.dk\/?p=135\" \/>\n<meta property=\"og:locale\" content=\"da_DK\" \/>\n<meta property=\"og:type\" content=\"article\" \/>\n<meta property=\"og:title\" content=\"Bjarne - Sejlforeningen Carla\" \/>\n<meta property=\"og:description\" content=\"Et medlem er\u00a0Bjarne M\u00f8ldrup: \u00a0 Jeg er oprindelig smed, fort\u00e6ller Bjarne. S\u00e5 uddannede jeg mig videre til maskinmester. Sejlede med \u00d8K\u2019s Simba p\u00e5 bl.a. Fjern\u00f8sten, og senere med rederiet Torm. Bjarne har v\u00e6ret med p\u00e5 Tirsdagsholdet i 4 \u00e5r. Jeg var og er med i Caroline S, og p\u00e5 et tidspunkt var der en der [&hellip;]\" \/>\n<meta property=\"og:url\" content=\"https:\/\/sejlforeningen-carla.dk\/?p=135\" \/>\n<meta property=\"og:site_name\" content=\"Sejlforeningen Carla\" \/>\n<meta property=\"article:publisher\" content=\"https:\/\/www.facebook.com\/people\/Sejlforeningen-Carla\/100064108479533\/\" \/>\n<meta property=\"article:published_time\" content=\"2024-01-16T12:14:38+00:00\" \/>\n<meta property=\"article:modified_time\" content=\"2024-02-01T11:20:28+00:00\" \/>\n<meta property=\"og:image\" content=\"https:\/\/sejlforeningen-carla.dk\/wp-content\/uploads\/2024\/01\/Bjarne.jpg\" \/>\n\t<meta property=\"og:image:width\" content=\"247\" \/>\n\t<meta property=\"og:image:height\" content=\"257\" \/>\n\t<meta property=\"og:image:type\" content=\"image\/jpeg\" \/>\n<meta name=\"author\" content=\"Jan\" \/>\n<meta name=\"twitter:card\" content=\"summary_large_image\" \/>\n<meta name=\"twitter:label1\" content=\"Skrevet af\" \/>\n\t<meta name=\"twitter:data1\" content=\"Jan\" \/>\n\t<meta name=\"twitter:label2\" content=\"Estimeret l\u00e6setid\" \/>\n\t<meta name=\"twitter:data2\" content=\"2 minutter\" \/>\n<script type=\"application\/ld+json\" class=\"yoast-schema-graph\">{\"@context\":\"https:\/\/schema.org\",\"@graph\":[{\"@type\":\"Article\",\"@id\":\"https:\/\/sejlforeningen-carla.dk\/?p=135#article\",\"isPartOf\":{\"@id\":\"https:\/\/sejlforeningen-carla.dk\/?p=135\"},\"author\":{\"name\":\"Jan\",\"@id\":\"https:\/\/sejlforeningen-carla.dk\/#\/schema\/person\/4e85a29108a5388397694880108509e6\"},\"headline\":\"Bjarne\",\"datePublished\":\"2024-01-16T12:14:38+00:00\",\"dateModified\":\"2024-02-01T11:20:28+00:00\",\"mainEntityOfPage\":{\"@id\":\"https:\/\/sejlforeningen-carla.dk\/?p=135\"},\"wordCount\":365,\"commentCount\":0,\"publisher\":{\"@id\":\"https:\/\/sejlforeningen-carla.dk\/#organization\"},\"image\":{\"@id\":\"https:\/\/sejlforeningen-carla.dk\/?p=135#primaryimage\"},\"thumbnailUrl\":\"https:\/\/sejlforeningen-carla.dk\/wp-content\/uploads\/2024\/01\/Bjarne.jpg\",\"articleSection\":[\"Tirsdagsholdet\"],\"inLanguage\":\"da-DK\",\"potentialAction\":[{\"@type\":\"CommentAction\",\"name\":\"Comment\",\"target\":[\"https:\/\/sejlforeningen-carla.dk\/?p=135#respond\"]}]},{\"@type\":\"WebPage\",\"@id\":\"https:\/\/sejlforeningen-carla.dk\/?p=135\",\"url\":\"https:\/\/sejlforeningen-carla.dk\/?p=135\",\"name\":\"Bjarne - Sejlforeningen Carla\",\"isPartOf\":{\"@id\":\"https:\/\/sejlforeningen-carla.dk\/#website\"},\"primaryImageOfPage\":{\"@id\":\"https:\/\/sejlforeningen-carla.dk\/?p=135#primaryimage\"},\"image\":{\"@id\":\"https:\/\/sejlforeningen-carla.dk\/?p=135#primaryimage\"},\"thumbnailUrl\":\"https:\/\/sejlforeningen-carla.dk\/wp-content\/uploads\/2024\/01\/Bjarne.jpg\",\"datePublished\":\"2024-01-16T12:14:38+00:00\",\"dateModified\":\"2024-02-01T11:20:28+00:00\",\"breadcrumb\":{\"@id\":\"https:\/\/sejlforeningen-carla.dk\/?p=135#breadcrumb\"},\"inLanguage\":\"da-DK\",\"potentialAction\":[{\"@type\":\"ReadAction\",\"target\":[\"https:\/\/sejlforeningen-carla.dk\/?p=135\"]}]},{\"@type\":\"ImageObject\",\"inLanguage\":\"da-DK\",\"@id\":\"https:\/\/sejlforeningen-carla.dk\/?p=135#primaryimage\",\"url\":\"https:\/\/sejlforeningen-carla.dk\/wp-content\/uploads\/2024\/01\/Bjarne.jpg\",\"contentUrl\":\"https:\/\/sejlforeningen-carla.dk\/wp-content\/uploads\/2024\/01\/Bjarne.jpg\",\"width\":247,\"height\":257},{\"@type\":\"BreadcrumbList\",\"@id\":\"https:\/\/sejlforeningen-carla.dk\/?p=135#breadcrumb\",\"itemListElement\":[{\"@type\":\"ListItem\",\"position\":1,\"name\":\"Home\",\"item\":\"https:\/\/sejlforeningen-carla.dk\/\"},{\"@type\":\"ListItem\",\"position\":2,\"name\":\"Bjarne\"}]},{\"@type\":\"WebSite\",\"@id\":\"https:\/\/sejlforeningen-carla.dk\/#website\",\"url\":\"https:\/\/sejlforeningen-carla.dk\/\",\"name\":\"Sejlforeningen Carla\",\"description\":\"\",\"publisher\":{\"@id\":\"https:\/\/sejlforeningen-carla.dk\/#organization\"},\"potentialAction\":[{\"@type\":\"SearchAction\",\"target\":{\"@type\":\"EntryPoint\",\"urlTemplate\":\"https:\/\/sejlforeningen-carla.dk\/?s={search_term_string}\"},\"query-input\":{\"@type\":\"PropertyValueSpecification\",\"valueRequired\":true,\"valueName\":\"search_term_string\"}}],\"inLanguage\":\"da-DK\"},{\"@type\":\"Organization\",\"@id\":\"https:\/\/sejlforeningen-carla.dk\/#organization\",\"name\":\"Sejlforeningen Carla\",\"url\":\"https:\/\/sejlforeningen-carla.dk\/\",\"logo\":{\"@type\":\"ImageObject\",\"inLanguage\":\"da-DK\",\"@id\":\"https:\/\/sejlforeningen-carla.dk\/#\/schema\/logo\/image\/\",\"url\":\"https:\/\/sejlforeningen-carla.dk\/wp-content\/uploads\/2024\/01\/Vignet-sh-gray-150x150-1.jpg\",\"contentUrl\":\"https:\/\/sejlforeningen-carla.dk\/wp-content\/uploads\/2024\/01\/Vignet-sh-gray-150x150-1.jpg\",\"width\":150,\"height\":150,\"caption\":\"Sejlforeningen Carla\"},\"image\":{\"@id\":\"https:\/\/sejlforeningen-carla.dk\/#\/schema\/logo\/image\/\"},\"sameAs\":[\"https:\/\/www.facebook.com\/people\/Sejlforeningen-Carla\/100064108479533\/\"]},{\"@type\":\"Person\",\"@id\":\"https:\/\/sejlforeningen-carla.dk\/#\/schema\/person\/4e85a29108a5388397694880108509e6\",\"name\":\"Jan\",\"image\":{\"@type\":\"ImageObject\",\"inLanguage\":\"da-DK\",\"@id\":\"https:\/\/secure.gravatar.com\/avatar\/4479ae5708d78591b67ff1c41397586bfdb8536b3e08f5058f606997953ab4a0?s=96&d=mm&r=g\",\"url\":\"https:\/\/secure.gravatar.com\/avatar\/4479ae5708d78591b67ff1c41397586bfdb8536b3e08f5058f606997953ab4a0?s=96&d=mm&r=g\",\"contentUrl\":\"https:\/\/secure.gravatar.com\/avatar\/4479ae5708d78591b67ff1c41397586bfdb8536b3e08f5058f606997953ab4a0?s=96&d=mm&r=g\",\"caption\":\"Jan\"},\"sameAs\":[\"https:\/\/sejlforeningen-carla.dk\"],\"url\":\"https:\/\/sejlforeningen-carla.dk\/?author=1\"}]}<\/script>\n<!-- \/ Yoast SEO plugin. -->","yoast_head_json":{"title":"Bjarne - Sejlforeningen Carla","robots":{"index":"index","follow":"follow","max-snippet":"max-snippet:-1","max-image-preview":"max-image-preview:large","max-video-preview":"max-video-preview:-1"},"canonical":"https:\/\/sejlforeningen-carla.dk\/?p=135","og_locale":"da_DK","og_type":"article","og_title":"Bjarne - Sejlforeningen Carla","og_description":"Et medlem er\u00a0Bjarne M\u00f8ldrup: \u00a0 Jeg er oprindelig smed, fort\u00e6ller Bjarne. S\u00e5 uddannede jeg mig videre til maskinmester. Sejlede med \u00d8K\u2019s Simba p\u00e5 bl.a. Fjern\u00f8sten, og senere med rederiet Torm. Bjarne har v\u00e6ret med p\u00e5 Tirsdagsholdet i 4 \u00e5r. Jeg var og er med i Caroline S, og p\u00e5 et tidspunkt var der en der [&hellip;]","og_url":"https:\/\/sejlforeningen-carla.dk\/?p=135","og_site_name":"Sejlforeningen Carla","article_publisher":"https:\/\/www.facebook.com\/people\/Sejlforeningen-Carla\/100064108479533\/","article_published_time":"2024-01-16T12:14:38+00:00","article_modified_time":"2024-02-01T11:20:28+00:00","og_image":[{"width":247,"height":257,"url":"https:\/\/sejlforeningen-carla.dk\/wp-content\/uploads\/2024\/01\/Bjarne.jpg","type":"image\/jpeg"}],"author":"Jan","twitter_card":"summary_large_image","twitter_misc":{"Skrevet af":"Jan","Estimeret l\u00e6setid":"2 minutter"},"schema":{"@context":"https:\/\/schema.org","@graph":[{"@type":"Article","@id":"https:\/\/sejlforeningen-carla.dk\/?p=135#article","isPartOf":{"@id":"https:\/\/sejlforeningen-carla.dk\/?p=135"},"author":{"name":"Jan","@id":"https:\/\/sejlforeningen-carla.dk\/#\/schema\/person\/4e85a29108a5388397694880108509e6"},"headline":"Bjarne","datePublished":"2024-01-16T12:14:38+00:00","dateModified":"2024-02-01T11:20:28+00:00","mainEntityOfPage":{"@id":"https:\/\/sejlforeningen-carla.dk\/?p=135"},"wordCount":365,"commentCount":0,"publisher":{"@id":"https:\/\/sejlforeningen-carla.dk\/#organization"},"image":{"@id":"https:\/\/sejlforeningen-carla.dk\/?p=135#primaryimage"},"thumbnailUrl":"https:\/\/sejlforeningen-carla.dk\/wp-content\/uploads\/2024\/01\/Bjarne.jpg","articleSection":["Tirsdagsholdet"],"inLanguage":"da-DK","potentialAction":[{"@type":"CommentAction","name":"Comment","target":["https:\/\/sejlforeningen-carla.dk\/?p=135#respond"]}]},{"@type":"WebPage","@id":"https:\/\/sejlforeningen-carla.dk\/?p=135","url":"https:\/\/sejlforeningen-carla.dk\/?p=135","name":"Bjarne - Sejlforeningen Carla","isPartOf":{"@id":"https:\/\/sejlforeningen-carla.dk\/#website"},"primaryImageOfPage":{"@id":"https:\/\/sejlforeningen-carla.dk\/?p=135#primaryimage"},"image":{"@id":"https:\/\/sejlforeningen-carla.dk\/?p=135#primaryimage"},"thumbnailUrl":"https:\/\/sejlforeningen-carla.dk\/wp-content\/uploads\/2024\/01\/Bjarne.jpg","datePublished":"2024-01-16T12:14:38+00:00","dateModified":"2024-02-01T11:20:28+00:00","breadcrumb":{"@id":"https:\/\/sejlforeningen-carla.dk\/?p=135#breadcrumb"},"inLanguage":"da-DK","potentialAction":[{"@type":"ReadAction","target":["https:\/\/sejlforeningen-carla.dk\/?p=135"]}]},{"@type":"ImageObject","inLanguage":"da-DK","@id":"https:\/\/sejlforeningen-carla.dk\/?p=135#primaryimage","url":"https:\/\/sejlforeningen-carla.dk\/wp-content\/uploads\/2024\/01\/Bjarne.jpg","contentUrl":"https:\/\/sejlforeningen-carla.dk\/wp-content\/uploads\/2024\/01\/Bjarne.jpg","width":247,"height":257},{"@type":"BreadcrumbList","@id":"https:\/\/sejlforeningen-carla.dk\/?p=135#breadcrumb","itemListElement":[{"@type":"ListItem","position":1,"name":"Home","item":"https:\/\/sejlforeningen-carla.dk\/"},{"@type":"ListItem","position":2,"name":"Bjarne"}]},{"@type":"WebSite","@id":"https:\/\/sejlforeningen-carla.dk\/#website","url":"https:\/\/sejlforeningen-carla.dk\/","name":"Sejlforeningen Carla","description":"","publisher":{"@id":"https:\/\/sejlforeningen-carla.dk\/#organization"},"potentialAction":[{"@type":"SearchAction","target":{"@type":"EntryPoint","urlTemplate":"https:\/\/sejlforeningen-carla.dk\/?s={search_term_string}"},"query-input":{"@type":"PropertyValueSpecification","valueRequired":true,"valueName":"search_term_string"}}],"inLanguage":"da-DK"},{"@type":"Organization","@id":"https:\/\/sejlforeningen-carla.dk\/#organization","name":"Sejlforeningen Carla","url":"https:\/\/sejlforeningen-carla.dk\/","logo":{"@type":"ImageObject","inLanguage":"da-DK","@id":"https:\/\/sejlforeningen-carla.dk\/#\/schema\/logo\/image\/","url":"https:\/\/sejlforeningen-carla.dk\/wp-content\/uploads\/2024\/01\/Vignet-sh-gray-150x150-1.jpg","contentUrl":"https:\/\/sejlforeningen-carla.dk\/wp-content\/uploads\/2024\/01\/Vignet-sh-gray-150x150-1.jpg","width":150,"height":150,"caption":"Sejlforeningen Carla"},"image":{"@id":"https:\/\/sejlforeningen-carla.dk\/#\/schema\/logo\/image\/"},"sameAs":["https:\/\/www.facebook.com\/people\/Sejlforeningen-Carla\/100064108479533\/"]},{"@type":"Person","@id":"https:\/\/sejlforeningen-carla.dk\/#\/schema\/person\/4e85a29108a5388397694880108509e6","name":"Jan","image":{"@type":"ImageObject","inLanguage":"da-DK","@id":"https:\/\/secure.gravatar.com\/avatar\/4479ae5708d78591b67ff1c41397586bfdb8536b3e08f5058f606997953ab4a0?s=96&d=mm&r=g","url":"https:\/\/secure.gravatar.com\/avatar\/4479ae5708d78591b67ff1c41397586bfdb8536b3e08f5058f606997953ab4a0?s=96&d=mm&r=g","contentUrl":"https:\/\/secure.gravatar.com\/avatar\/4479ae5708d78591b67ff1c41397586bfdb8536b3e08f5058f606997953ab4a0?s=96&d=mm&r=g","caption":"Jan"},"sameAs":["https:\/\/sejlforeningen-carla.dk"],"url":"https:\/\/sejlforeningen-carla.dk\/?author=1"}]}},"_links":{"self":[{"href":"https:\/\/sejlforeningen-carla.dk\/index.php?rest_route=\/wp\/v2\/posts\/135","targetHints":{"allow":["GET"]}}],"collection":[{"href":"https:\/\/sejlforeningen-carla.dk\/index.php?rest_route=\/wp\/v2\/posts"}],"about":[{"href":"https:\/\/sejlforeningen-carla.dk\/index.php?rest_route=\/wp\/v2\/types\/post"}],"author":[{"embeddable":true,"href":"https:\/\/sejlforeningen-carla.dk\/index.php?rest_route=\/wp\/v2\/users\/1"}],"replies":[{"embeddable":true,"href":"https:\/\/sejlforeningen-carla.dk\/index.php?rest_route=%2Fwp%2Fv2%2Fcomments&post=135"}],"version-history":[{"count":5,"href":"https:\/\/sejlforeningen-carla.dk\/index.php?rest_route=\/wp\/v2\/posts\/135\/revisions"}],"predecessor-version":[{"id":930,"href":"https:\/\/sejlforeningen-carla.dk\/index.php?rest_route=\/wp\/v2\/posts\/135\/revisions\/930"}],"wp:featuredmedia":[{"embeddable":true,"href":"https:\/\/sejlforeningen-carla.dk\/index.php?rest_route=\/wp\/v2\/media\/138"}],"wp:attachment":[{"href":"https:\/\/sejlforeningen-carla.dk\/index.php?rest_route=%2Fwp%2Fv2%2Fmedia&parent=135"}],"wp:term":[{"taxonomy":"category","embeddable":true,"href":"https:\/\/sejlforeningen-carla.dk\/index.php?rest_route=%2Fwp%2Fv2%2Fcategories&post=135"},{"taxonomy":"post_tag","embeddable":true,"href":"https:\/\/sejlforeningen-carla.dk\/index.php?rest_route=%2Fwp%2Fv2%2Ftags&post=135"}],"curies":[{"name":"wp","href":"https:\/\/api.w.org\/{rel}","templated":true}]}}